{"id":999,"date":"2023-10-11T20:37:19","date_gmt":"2023-10-11T20:37:19","guid":{"rendered":"https:\/\/millinews.az\/xeber\/bakida-uc-usaq-anasi-il%C9%99-esq-mac%C9%99rasinin-d%C9%99hs%C9%99tli-sonu-erim-g%C9%99l%C9%99c%C9%99k-sok-teferruat-Millinews.az\/"},"modified":"2023-10-11T20:37:19","modified_gmt":"2023-10-11T20:37:19","slug":"bakida-uc-usaq-anasi-il%C9%99-esq-mac%C9%99rasinin-d%C9%99hs%C9%99tli-sonu-erim-g%C9%99l%C9%99c%C9%99k-sok-teferruat-Millinews.az","status":"publish","type":"post","link":"https:\/\/millitv.net\/?p=999","title":{"rendered":"Bak\u0131da \u00fc\u00e7 u\u015faq anas\u0131 il\u0259 e\u015fq mac\u0259ras\u0131n\u0131n d\u0259h\u015f\u0259tli sonu:\u00a0\u201c\u018frim g\u0259l\u0259c\u0259k\u2026\u201d \u2013 \u015eOK T\u018fF\u018fRR\u00dcAT \u2013 Millinews.az"},"content":{"rendered":"<div id=\"the-post\">\n<div class=\"featured-area\">\n<div class=\"featured-area-inner\">\n<figure class=\"single-featured-image\"><img loading=\"lazy\" width=\"620\" height=\"413\" src=\"https:\/\/Millinews.az.net\/wp-content\/uploads\/2023\/10\/1697019558_1671447275_1671447227217.png\" class=\"attachment-jannah-image-post size-jannah-image-post wp-post-image\" alt=\"\" decoding=\"async\" data-main-img=\"1\" srcset=\"https:\/\/Millinews.az.net\/wp-content\/uploads\/2023\/10\/1697019558_1671447275_1671447227217.png 620w, https:\/\/Millinews.az.net\/wp-content\/uploads\/2023\/10\/1697019558_1671447275_1671447227217-300x200.png 300w\" sizes=\"auto, (max-width: 620px) 100vw, 620px\" title=\"\"><\/figure>\n<\/div>\n<\/div>\n<p><!-- .entry-header-outer \/--><\/p>\n<div class=\"entry-content entry clearfix\">\n<p>Bak\u0131da \u00fc\u00e7 u\u015faq anas\u0131n\u0131 q\u0259tl\u0259 yetirm\u0259kd\u0259 t\u0259qsirli bilin\u0259n 1982-ci il t\u0259v\u0259ll\u00fcdl\u00fc F\u0259rhad Abu\u015fovun cinay\u0259t i\u015fi \u00fczr\u0259 ibtidai istintaq ba\u015fa \u00e7at\u0131b.<\/p>\n<p>Sfera.az Teleqraf.com-a istinad\u0259n x\u0259b\u0259r verir ki, cinay\u0259t i\u015fi bax\u0131lmas\u0131 \u00fc\u00e7\u00fcn Bak\u0131 A\u011f\u0131r Cinay\u0259tl\u0259r M\u0259hk\u0259m\u0259sin\u0259 g\u00f6nd\u0259rilib.<\/p>\n<p>Cinay\u0259t i\u015fi hakim Zeynal A\u011fayevin icraat\u0131na verilib. Yax\u0131n g\u00fcnl\u0259rd\u0259 bu i\u015f \u00fczr\u0259 m\u0259hk\u0259m\u0259nin haz\u0131rl\u0131q iclas\u0131 ke\u00e7iril\u0259c\u0259k.<\/p>\n<p>\u0130ttihama g\u00f6r\u0259, hadis\u0259 bu il iyunun 8-d\u0259, S\u0259bail rayonunun Bay\u0131l q\u0259s\u0259b\u0259sind\u0259 ba\u015f verib. 1981-ci il t\u0259v\u0259ll\u00fcdl\u00fc K\u0259mal\u0259 Mikay\u0131lova q\u0259s\u0259b\u0259nin Arif \u0130smay\u0131lov k\u00fc\u00e7\u0259sind\u0259 b\u0131\u00e7aqlan\u0131b, o, s\u00fcr\u00fcn\u0259r\u0259k qon\u015funun h\u0259y\u0259tin\u0259 ke\u00e7ib v\u0259 orada v\u0259fat edib.<\/p>\n<p>M\u00fc\u0259yy\u0259n edilib ki, K\u0259mal\u0259 Mikay\u0131lova sevgilisi t\u0259r\u0259find\u0259n \u00f6ld\u00fcr\u00fcl\u00fcb.<\/p>\n<p>Qad\u0131n\u0131n Rusiyada i\u015fl\u0259y\u0259n \u0259ri iyunun 7-d\u0259 Bak\u0131ya qay\u0131dacaqm\u0131\u015f. Bu s\u0259b\u0259bd\u0259n K\u0259mal\u0259 v\u0259 sevgilisi F\u0259rhad Abu\u015fov evd\u0259 m\u00fcbahis\u0259 edibl\u0259r. Daha sonra K\u0259mal\u0259 Mikay\u0131lova k\u00fc\u00e7\u0259y\u0259 \u00e7\u0131xaraq gedib. F\u0259rhad Abu\u015fov b\u0131\u00e7aq g\u00f6t\u00fcr\u0259r\u0259k onun arxas\u0131nca g\u0259lib v\u0259 k\u00fc\u00e7\u0259sind\u0259 ona bir ne\u00e7\u0259 b\u0131\u00e7aq z\u0259rb\u0259si vurub.<\/p>\n<p>F\u0259rhad Abu\u015fov daha sonra yax\u0131nl\u0131qdak\u0131 Neft\u00e7i Qurban k\u00fc\u00e7\u0259sind\u0259 tikil\u0259n h\u00fcnd\u00fcrm\u0259rt\u0259b\u0259li binan\u0131n h\u0259y\u0259tind\u0259 yerl\u0259\u015f\u0259n kran\u0131n \u00fcst\u00fcn\u0259 \u00e7\u0131xaraq \u00f6z\u00fcn\u00fc \u00f6ld\u00fcrm\u0259k ist\u0259yib.<\/p>\n<p>Polis \u0259m\u0259kda\u015flar\u0131 t\u0259r\u0259find\u0259n apar\u0131lan profilaktik s\u00f6hb\u0259td\u0259n sonra o, intihar etm\u0259k fikrind\u0259n da\u015f\u0131n\u0131b v\u0259 yer\u0259 d\u00fc\u015f\u00fcb.<\/p>\n<p>F\u0259rhad Abu\u015fov saxlan\u0131laraq 8-ci polis b\u00f6lm\u0259sin\u0259 apar\u0131l\u0131b.<\/p>\n<p>\u0130stintaq orqan\u0131 t\u0259r\u0259find\u0259n F\u0259rhad Abu\u015fovun bar\u0259sind\u0259 Cinay\u0259t M\u0259c\u0259ll\u0259sinin 120.1-ci (q\u0259sd\u0259n adam \u00f6ld\u00fcrm\u0259) madd\u0259si il\u0259 ittiham elan edilib.<\/p>\n<p><!-- AI CONTENT END 1 --><\/p><\/div>\n<p><!-- .entry-content \/--><\/p>\n<p>\t\t<!-- .share-buttons \/--><\/p><\/div>\n","protected":false},"excerpt":{"rendered":"<p>Bak\u0131da \u00fc\u00e7 u\u015faq anas\u0131n\u0131 q\u0259tl\u0259 yetirm\u0259kd\u0259 t\u0259qsirli bilin\u0259n 1982-ci il t\u0259v\u0259ll\u00fcdl\u00fc F\u0259rhad Abu\u015fovun cinay\u0259t i\u015fi \u00fczr\u0259 ibtidai istintaq ba\u015fa \u00e7at\u0131b. Sfera.az Teleqraf.com-a istinad\u0259n x\u0259b\u0259r verir ki, cinay\u0259t i\u015fi bax\u0131lmas\u0131 \u00fc\u00e7\u00fcn Bak\u0131 A\u011f\u0131r Cinay\u0259tl\u0259r M\u0259hk\u0259m\u0259sin\u0259 g\u00f6nd\u0259rilib. Cinay\u0259t i\u015fi hakim Zeynal A\u011fayevin icraat\u0131na verilib. Yax\u0131n g\u00fcnl\u0259rd\u0259 bu i\u015f \u00fczr\u0259 m\u0259hk\u0259m\u0259nin haz\u0131rl\u0131q iclas\u0131 ke\u00e7iril\u0259c\u0259k. \u0130ttihama g\u00f6r\u0259, hadis\u0259 bu &hellip;<\/p>\n","protected":false},"author":1,"featured_media":1000,"comment_status":"open","ping_status":"closed","sticky":false,"template":"","format":"standard","meta":{"footnotes":""},"categories":[9],"tags":[],"class_list":["post-999","post","type-post","status-publish","format-standard","has-post-thumbnail","hentry","category-xeber"],"_links":{"self":[{"href":"https:\/\/millitv.net\/index.php?rest_route=\/wp\/v2\/posts\/999","targetHints":{"allow":["GET"]}}],"collection":[{"href":"https:\/\/millitv.net\/index.php?rest_route=\/wp\/v2\/posts"}],"about":[{"href":"https:\/\/millitv.net\/index.php?rest_route=\/wp\/v2\/types\/post"}],"author":[{"embeddable":true,"href":"https:\/\/millitv.net\/index.php?rest_route=\/wp\/v2\/users\/1"}],"replies":[{"embeddable":true,"href":"https:\/\/millitv.net\/index.php?rest_route=%2Fwp%2Fv2%2Fcomments&post=999"}],"version-history":[{"count":0,"href":"https:\/\/millitv.net\/index.php?rest_route=\/wp\/v2\/posts\/999\/revisions"}],"wp:featuredmedia":[{"embeddable":true,"href":"https:\/\/millitv.net\/index.php?rest_route=\/wp\/v2\/media\/1000"}],"wp:attachment":[{"href":"https:\/\/millitv.net\/index.php?rest_route=%2Fwp%2Fv2%2Fmedia&parent=999"}],"wp:term":[{"taxonomy":"category","embeddable":true,"href":"https:\/\/millitv.net\/index.php?rest_route=%2Fwp%2Fv2%2Fcategories&post=999"},{"taxonomy":"post_tag","embeddable":true,"href":"https:\/\/millitv.net\/index.php?rest_route=%2Fwp%2Fv2%2Ftags&post=999"}],"curies":[{"name":"wp","href":"https:\/\/api.w.org\/{rel}","templated":true}]}}