{"id":9989,"date":"2024-03-23T11:10:03","date_gmt":"2024-03-23T11:10:03","guid":{"rendered":"https:\/\/millitv.net\/?p=9989"},"modified":"2024-03-23T11:10:04","modified_gmt":"2024-03-23T11:10:04","slug":"adi-subh%C9%99lil%C9%99r-siyahisinda-olan-rust%C9%99m-danisdi-bacisi-deyib-ki-foto","status":"publish","type":"post","link":"https:\/\/millitv.net\/?p=9989","title":{"rendered":"Ad\u0131 \u015f\u00fcbh\u0259lil\u0259r siyah\u0131s\u0131nda olan R\u00fcst\u0259m dan\u0131\u015fd\u0131: Bac\u0131s\u0131 deyib ki\u2026 &#8211; FOTO"},"content":{"rendered":"\n<p>D\u00fcn\u0259nki terror hadis\u0259sind\u0259 \u015f\u00fcbh\u0259li \u015f\u0259xs qismind\u0259 tan\u0131nanlardan birinin h\u00fccumda i\u015ftirak etm\u0259diyi \u00fcz\u0259 \u00e7\u0131x\u0131b.<br>&nbsp;H\u0259min \u015f\u0259xsin ad\u0131 R\u00fcst\u0259m N\u0259z\u0259rovdur.&nbsp;<br>O, b\u00fct\u00fcn g\u00fcn\u00fc ail\u0259si il\u0259 Samarada evd\u0259 olub. 29 ya\u015fl\u0131 R\u00fcst\u0259min bac\u0131s\u0131 P\u0259rvin\u0259 deyib ki, qarda\u015f\u0131 \u0259vv\u0259lc\u0259 onunla v\u0259 valideynl\u0259ri il\u0259 nahar edib, sonra onu ev\u0259 apar\u0131b.&nbsp;<br><q>S\u0259h\u0259r saatlar\u0131nda fotosunu terror\u00e7ular\u0131n siyah\u0131s\u0131nda g\u00f6r\u0259n R\u00fcst\u0259m \u00f6z\u00fc polis\u0259 gedib. Onun ifad\u0259 verdiyi bildirilir.<\/q><br>Rusiya m\u0259tbuat\u0131n\u0131n x\u0259b\u0259rin\u0259 \u0259sas\u0259n, terror\u00e7ular\u0131n hadis\u0259 yerin\u0259 g\u0259ldiyi &#8220;Renault&#8221; \u0259vv\u0259ll\u0259r R\u00fcst\u0259min ad\u0131na qeydiyyatda olub, lakin qon\u015fular\u0131n dediyin\u0259 g\u00f6r\u0259, o, ma\u015f\u0131n\u0131n\u0131 iki il \u0259vv\u0259l sat\u0131b. \/ Bizim.media<\/p>\n\n\n\n<figure class=\"wp-block-image\"><img decoding=\"async\" src=\"https:\/\/ssl.bizim.media\/file\/articles\/2024\/03\/23\/1711188873_photo_5472314490528848254_y.jpg\" alt=\"\" title=\"\"><\/figure>\n","protected":false},"excerpt":{"rendered":"<p>D\u00fcn\u0259nki terror hadis\u0259sind\u0259 \u015f\u00fcbh\u0259li \u015f\u0259xs qismind\u0259 tan\u0131nanlardan birinin h\u00fccumda i\u015ftirak etm\u0259diyi \u00fcz\u0259 \u00e7\u0131x\u0131b.&nbsp;H\u0259min \u015f\u0259xsin ad\u0131 R\u00fcst\u0259m N\u0259z\u0259rovdur.&nbsp;O, b\u00fct\u00fcn g\u00fcn\u00fc ail\u0259si il\u0259 Samarada evd\u0259 olub. 29 ya\u015fl\u0131 R\u00fcst\u0259min bac\u0131s\u0131 P\u0259rvin\u0259 deyib ki, qarda\u015f\u0131 \u0259vv\u0259lc\u0259 onunla v\u0259 valideynl\u0259ri il\u0259 nahar edib, sonra onu ev\u0259 apar\u0131b.&nbsp;S\u0259h\u0259r saatlar\u0131nda fotosunu terror\u00e7ular\u0131n siyah\u0131s\u0131nda g\u00f6r\u0259n R\u00fcst\u0259m \u00f6z\u00fc polis\u0259 gedib. Onun ifad\u0259 verdiyi &hellip;<\/p>\n","protected":false},"author":1,"featured_media":9990,"comment_status":"open","ping_status":"closed","sticky":false,"template":"","format":"standard","meta":{"footnotes":""},"categories":[4],"tags":[],"class_list":["post-9989","post","type-post","status-publish","format-standard","has-post-thumbnail","hentry","category-dunya"],"_links":{"self":[{"href":"https:\/\/millitv.net\/index.php?rest_route=\/wp\/v2\/posts\/9989","targetHints":{"allow":["GET"]}}],"collection":[{"href":"https:\/\/millitv.net\/index.php?rest_route=\/wp\/v2\/posts"}],"about":[{"href":"https:\/\/millitv.net\/index.php?rest_route=\/wp\/v2\/types\/post"}],"author":[{"embeddable":true,"href":"https:\/\/millitv.net\/index.php?rest_route=\/wp\/v2\/users\/1"}],"replies":[{"embeddable":true,"href":"https:\/\/millitv.net\/index.php?rest_route=%2Fwp%2Fv2%2Fcomments&post=9989"}],"version-history":[{"count":0,"href":"https:\/\/millitv.net\/index.php?rest_route=\/wp\/v2\/posts\/9989\/revisions"}],"wp:featuredmedia":[{"embeddable":true,"href":"https:\/\/millitv.net\/index.php?rest_route=\/wp\/v2\/media\/9990"}],"wp:attachment":[{"href":"https:\/\/millitv.net\/index.php?rest_route=%2Fwp%2Fv2%2Fmedia&parent=9989"}],"wp:term":[{"taxonomy":"category","embeddable":true,"href":"https:\/\/millitv.net\/index.php?rest_route=%2Fwp%2Fv2%2Fcategories&post=9989"},{"taxonomy":"post_tag","embeddable":true,"href":"https:\/\/millitv.net\/index.php?rest_route=%2Fwp%2Fv2%2Ftags&post=9989"}],"curies":[{"name":"wp","href":"https:\/\/api.w.org\/{rel}","templated":true}]}}