{"id":9932,"date":"2024-02-07T18:21:10","date_gmt":"2024-02-07T18:21:10","guid":{"rendered":"https:\/\/millinews.az\/?p=9932"},"modified":"2024-02-07T18:21:12","modified_gmt":"2024-02-07T18:21:12","slug":"naxcivanda-ilham-eliyev%C9%99-d%C9%99st%C9%99k-yurusu-kecirildi-foto","status":"publish","type":"post","link":"https:\/\/millitv.net\/?p=9932","title":{"rendered":"Nax\u00e7\u0131vanda \u0130lham \u018fliyev\u0259 d\u0259st\u0259k y\u00fcr\u00fc\u015f\u00fc ke\u00e7irildi &#8211;\u00a0FOTO"},"content":{"rendered":"\n<p>  <\/p>\n\n\n\n<p><strong>Nax\u00e7\u0131vanda Prezident \u0130lham \u018fliyev\u0259 d\u0259st\u0259k y\u00fcr\u00fc\u015f\u00fc ke\u00e7irilib.<\/strong><\/p>\n\n\n\n<p>Millinews.az\u00a0x\u0259b\u0259r verir ki, bu g\u00fcn ke\u00e7iril\u0259n prezident se\u00e7kil\u0259rinin ilkin n\u0259tic\u0259l\u0259ri elan olunan andan ba\u015flayaraq Nax\u00e7\u0131van \u015f\u0259h\u0259rind\u0259 v\u0259 muxtar respublikan\u0131n rayonlar\u0131nda d\u0259st\u0259k y\u00fcr\u00fc\u015f\u00fc ke\u00e7irilib.<\/p>\n\n\n\n<p>Minl\u0259rl\u0259 sakin k\u00fc\u00e7\u0259 v\u0259 prospektl\u0259rd\u0259 avtoy\u00fcr\u00fc\u015fl\u0259r t\u0259\u015fkil edib, \u00fc\u00e7r\u0259ngli bayraqlarla q\u0259l\u0259b\u0259 \u015f\u00fcarlar\u0131 s\u0259sl\u0259ndiribl\u0259r.<\/p>\n\n\n\n<figure class=\"wp-block-image\"><img decoding=\"async\" src=\"https:\/\/Millinews.az\/storage\/2024\/02\/07\/420885543_699135635729456_4642599940579317681_n.jpg\" alt=\"\" title=\"\"><\/figure>\n\n\n\n<figure class=\"wp-block-image\"><img decoding=\"async\" src=\"https:\/\/Millinews.az\/storage\/2024\/02\/07\/420902951_917866166385335_6287011020046888413_n.jpg\" alt=\"\" title=\"\"><\/figure>\n\n\n\n<figure class=\"wp-block-image\"><img decoding=\"async\" src=\"https:\/\/Millinews.az\/storage\/2024\/02\/07\/420863136_905422011130120_8478005608933775611_n.jpg\" alt=\"\" title=\"\"><\/figure>\n\n\n\n<figure class=\"wp-block-image\"><img decoding=\"async\" src=\"https:\/\/Millinews.az\/storage\/2024\/02\/07\/420895725_920601986304399_5418716953995074873_n.jpg\" alt=\"\" title=\"\"><\/figure>\n","protected":false},"excerpt":{"rendered":"<p>Nax\u00e7\u0131vanda Prezident \u0130lham \u018fliyev\u0259 d\u0259st\u0259k y\u00fcr\u00fc\u015f\u00fc ke\u00e7irilib. Millinews.az\u00a0x\u0259b\u0259r verir ki, bu g\u00fcn ke\u00e7iril\u0259n prezident se\u00e7kil\u0259rinin ilkin n\u0259tic\u0259l\u0259ri elan olunan andan ba\u015flayaraq Nax\u00e7\u0131van \u015f\u0259h\u0259rind\u0259 v\u0259 muxtar respublikan\u0131n rayonlar\u0131nda d\u0259st\u0259k y\u00fcr\u00fc\u015f\u00fc ke\u00e7irilib. Minl\u0259rl\u0259 sakin k\u00fc\u00e7\u0259 v\u0259 prospektl\u0259rd\u0259 avtoy\u00fcr\u00fc\u015fl\u0259r t\u0259\u015fkil edib, \u00fc\u00e7r\u0259ngli bayraqlarla q\u0259l\u0259b\u0259 \u015f\u00fcarlar\u0131 s\u0259sl\u0259ndiribl\u0259r.<\/p>\n","protected":false},"author":1,"featured_media":9933,"comment_status":"open","ping_status":"closed","sticky":false,"template":"","format":"standard","meta":{"footnotes":""},"categories":[9],"tags":[],"class_list":["post-9932","post","type-post","status-publish","format-standard","has-post-thumbnail","hentry","category-xeber"],"_links":{"self":[{"href":"https:\/\/millitv.net\/index.php?rest_route=\/wp\/v2\/posts\/9932","targetHints":{"allow":["GET"]}}],"collection":[{"href":"https:\/\/millitv.net\/index.php?rest_route=\/wp\/v2\/posts"}],"about":[{"href":"https:\/\/millitv.net\/index.php?rest_route=\/wp\/v2\/types\/post"}],"author":[{"embeddable":true,"href":"https:\/\/millitv.net\/index.php?rest_route=\/wp\/v2\/users\/1"}],"replies":[{"embeddable":true,"href":"https:\/\/millitv.net\/index.php?rest_route=%2Fwp%2Fv2%2Fcomments&post=9932"}],"version-history":[{"count":0,"href":"https:\/\/millitv.net\/index.php?rest_route=\/wp\/v2\/posts\/9932\/revisions"}],"wp:featuredmedia":[{"embeddable":true,"href":"https:\/\/millitv.net\/index.php?rest_route=\/wp\/v2\/media\/9933"}],"wp:attachment":[{"href":"https:\/\/millitv.net\/index.php?rest_route=%2Fwp%2Fv2%2Fmedia&parent=9932"}],"wp:term":[{"taxonomy":"category","embeddable":true,"href":"https:\/\/millitv.net\/index.php?rest_route=%2Fwp%2Fv2%2Fcategories&post=9932"},{"taxonomy":"post_tag","embeddable":true,"href":"https:\/\/millitv.net\/index.php?rest_route=%2Fwp%2Fv2%2Ftags&post=9932"}],"curies":[{"name":"wp","href":"https:\/\/api.w.org\/{rel}","templated":true}]}}