{"id":9899,"date":"2024-02-07T07:12:29","date_gmt":"2024-02-07T07:12:29","guid":{"rendered":"https:\/\/millinews.az\/?p=9899"},"modified":"2024-02-07T07:13:09","modified_gmt":"2024-02-07T07:13:09","slug":"ilham-eliyev-mehriban-eliyeva-v%C9%99-ail%C9%99-uzvl%C9%99ri-xank%C9%99ndid%C9%99-s%C9%99s-veribl%C9%99r","status":"publish","type":"post","link":"https:\/\/millitv.net\/?p=9899","title":{"rendered":"\u0130lham \u018fliyev, Mehriban \u018fliyeva v\u0259 ail\u0259 \u00fczvl\u0259ri Xank\u0259ndid\u0259 s\u0259s veribl\u0259r"},"content":{"rendered":"\n<p>Fevral\u0131n 7-d\u0259 Az\u0259rbaycan Respublikas\u0131n\u0131n Prezidenti \u0130lham \u018fliyev, Birinci vitse-prezident Mehriban \u018fliyeva v\u0259 ail\u0259 \u00fczvl\u0259ri Xank\u0259ndi \u015f\u0259h\u0259rind\u0259 122 sayl\u0131 se\u00e7ki dair\u0259sinin 14 sayl\u0131 se\u00e7ki m\u0259nt\u0259q\u0259sind\u0259 s\u0259s veribl\u0259r.<\/p>\n\n\n\n<p>Bununla ba\u011fl\u0131 President.az m\u0259lumat yay\u0131b.<\/p>\n","protected":false},"excerpt":{"rendered":"<p>Fevral\u0131n 7-d\u0259 Az\u0259rbaycan Respublikas\u0131n\u0131n Prezidenti \u0130lham \u018fliyev, Birinci vitse-prezident Mehriban \u018fliyeva v\u0259 ail\u0259 \u00fczvl\u0259ri Xank\u0259ndi \u015f\u0259h\u0259rind\u0259 122 sayl\u0131 se\u00e7ki dair\u0259sinin 14 sayl\u0131 se\u00e7ki m\u0259nt\u0259q\u0259sind\u0259 s\u0259s veribl\u0259r. Bununla ba\u011fl\u0131 President.az m\u0259lumat yay\u0131b.<\/p>\n","protected":false},"author":1,"featured_media":9900,"comment_status":"open","ping_status":"closed","sticky":false,"template":"","format":"standard","meta":{"footnotes":""},"categories":[9],"tags":[],"class_list":["post-9899","post","type-post","status-publish","format-standard","has-post-thumbnail","hentry","category-xeber"],"_links":{"self":[{"href":"https:\/\/millitv.net\/index.php?rest_route=\/wp\/v2\/posts\/9899","targetHints":{"allow":["GET"]}}],"collection":[{"href":"https:\/\/millitv.net\/index.php?rest_route=\/wp\/v2\/posts"}],"about":[{"href":"https:\/\/millitv.net\/index.php?rest_route=\/wp\/v2\/types\/post"}],"author":[{"embeddable":true,"href":"https:\/\/millitv.net\/index.php?rest_route=\/wp\/v2\/users\/1"}],"replies":[{"embeddable":true,"href":"https:\/\/millitv.net\/index.php?rest_route=%2Fwp%2Fv2%2Fcomments&post=9899"}],"version-history":[{"count":0,"href":"https:\/\/millitv.net\/index.php?rest_route=\/wp\/v2\/posts\/9899\/revisions"}],"wp:featuredmedia":[{"embeddable":true,"href":"https:\/\/millitv.net\/index.php?rest_route=\/wp\/v2\/media\/9900"}],"wp:attachment":[{"href":"https:\/\/millitv.net\/index.php?rest_route=%2Fwp%2Fv2%2Fmedia&parent=9899"}],"wp:term":[{"taxonomy":"category","embeddable":true,"href":"https:\/\/millitv.net\/index.php?rest_route=%2Fwp%2Fv2%2Fcategories&post=9899"},{"taxonomy":"post_tag","embeddable":true,"href":"https:\/\/millitv.net\/index.php?rest_route=%2Fwp%2Fv2%2Ftags&post=9899"}],"curies":[{"name":"wp","href":"https:\/\/api.w.org\/{rel}","templated":true}]}}