{"id":989,"date":"2023-10-11T19:16:55","date_gmt":"2023-10-11T19:16:55","guid":{"rendered":"https:\/\/millinews.az\/xeber\/erdogan-f%C9%99l%C9%99stin-v%C9%99-israil-arasindaki-munaqis%C9%99ni-basqa-olk%C9%99l%C9%99r%C9%99-yayilmadan-h%C9%99ll-etm%C9%99y%C9%99-calisir\/"},"modified":"2023-10-11T19:16:55","modified_gmt":"2023-10-11T19:16:55","slug":"erdogan-f%C9%99l%C9%99stin-v%C9%99-israil-arasindaki-munaqis%C9%99ni-basqa-olk%C9%99l%C9%99r%C9%99-yayilmadan-h%C9%99ll-etm%C9%99y%C9%99-calisir","status":"publish","type":"post","link":"https:\/\/millitv.net\/?p=989","title":{"rendered":"\u018frdo\u011fan F\u0259l\u0259stin v\u0259 \u0130srail aras\u0131ndak\u0131 m\u00fcnaqi\u015f\u0259ni ba\u015fqa \u00f6lk\u0259l\u0259r\u0259 yay\u0131lmadan h\u0259ll etm\u0259y\u0259 \u00e7al\u0131\u015f\u0131r"},"content":{"rendered":"<p><img decoding=\"async\" src=\"https:\/\/cdn.oxu.az\/uploads\/W1siZiIsIjIwMjMvMTAvMTEvMjIvNDYvMjEvMTk3MGEwNzctYjYxNi00NjZkLTlmNmEtZDQ3OTdhMzgzNTkzLzY0MzAwNzUxYmNjMzY2NDMwMDc1MWJjYzM3MTY4MDg2OTIwMTY0MzAwNzUxYmNjMzM2NDMwMDc1MWJjYzM0LmpwZyJdLFsicCIsImVuY29kZSIsImpwZyIsIi1xdWFsaXR5IDgwIl0sWyJwIiwidGh1bWIiLCI2MjB4NDY1XHUwMDNlIl1d?sha=eede58879bd0ddfd\" alt=\"\" title=\"\"><\/p>\n<div>\n<p>T\u00fcrkiy\u0259 Prezidenti R\u0259c\u0259b Tayyib \u018frdo\u011fan \u0259lc\u0259zairli h\u0259mkar\u0131 \u018fbd\u00fclm\u0259cid T\u0259bbun il\u0259 telefon dan\u0131\u015f\u0131\u011f\u0131 zaman\u0131 F\u0259l\u0259stin-\u0130srail m\u00fcnaqi\u015f\u0259sinin dig\u0259r \u00f6lk\u0259l\u0259r\u0259 yay\u0131lmadan h\u0259llinin vacibliyini bildirib.<\/p>\n<p>Bu bar\u0259d\u0259 T\u00fcrkiy\u0259 Prezident Administrasiyas\u0131ndan m\u0259lumat verilib.<\/p>\n<p>\u201cDan\u0131\u015f\u0131qlar zaman\u0131 Prezident \u018frdo\u011fan bildirib ki, onun m\u0259qs\u0259di g\u0259rginliyi b\u00f6lg\u0259nin dig\u0259r \u00f6lk\u0259l\u0259rin\u0259 yay\u0131lmadan dayand\u0131rmaq v\u0259 \u0259dal\u0259tli dan\u0131\u015f\u0131qlar vasit\u0259sil\u0259 s\u00fclh\u0259 nail olmaq \u00fc\u00e7\u00fcn yol a\u00e7maqd\u0131r. O, h\u0259m\u00e7inin T\u00fcrkiy\u0259nin s\u0259mimi v\u0259 s\u00fclhsev\u0259r s\u0259yl\u0259rinin beyn\u0259lxalq ictimaiyy\u0259t, x\u00fcsusil\u0259 d\u0259 region \u00f6lk\u0259l\u0259ri t\u0259r\u0259find\u0259n d\u0259st\u0259kl\u0259ndiyini qeyd edib\u201d, &#8211; m\u0259lumatda bildirilib.<\/p>\n<p>M\u0259nb\u0259: Haber Global<\/p>\n<\/div>\n","protected":false},"excerpt":{"rendered":"<p>T\u00fcrkiy\u0259 Prezidenti R\u0259c\u0259b Tayyib \u018frdo\u011fan \u0259lc\u0259zairli h\u0259mkar\u0131 \u018fbd\u00fclm\u0259cid T\u0259bbun il\u0259 telefon dan\u0131\u015f\u0131\u011f\u0131 zaman\u0131 F\u0259l\u0259stin-\u0130srail m\u00fcnaqi\u015f\u0259sinin dig\u0259r \u00f6lk\u0259l\u0259r\u0259 yay\u0131lmadan h\u0259llinin vacibliyini bildirib. Bu bar\u0259d\u0259 T\u00fcrkiy\u0259 Prezident Administrasiyas\u0131ndan m\u0259lumat verilib. \u201cDan\u0131\u015f\u0131qlar zaman\u0131 Prezident \u018frdo\u011fan bildirib ki, onun m\u0259qs\u0259di g\u0259rginliyi b\u00f6lg\u0259nin dig\u0259r \u00f6lk\u0259l\u0259rin\u0259 yay\u0131lmadan dayand\u0131rmaq v\u0259 \u0259dal\u0259tli dan\u0131\u015f\u0131qlar vasit\u0259sil\u0259 s\u00fclh\u0259 nail olmaq \u00fc\u00e7\u00fcn yol a\u00e7maqd\u0131r. O, h\u0259m\u00e7inin T\u00fcrkiy\u0259nin &hellip;<\/p>\n","protected":false},"author":1,"featured_media":990,"comment_status":"open","ping_status":"closed","sticky":false,"template":"","format":"standard","meta":{"footnotes":""},"categories":[9],"tags":[],"class_list":["post-989","post","type-post","status-publish","format-standard","has-post-thumbnail","hentry","category-xeber"],"_links":{"self":[{"href":"https:\/\/millitv.net\/index.php?rest_route=\/wp\/v2\/posts\/989","targetHints":{"allow":["GET"]}}],"collection":[{"href":"https:\/\/millitv.net\/index.php?rest_route=\/wp\/v2\/posts"}],"about":[{"href":"https:\/\/millitv.net\/index.php?rest_route=\/wp\/v2\/types\/post"}],"author":[{"embeddable":true,"href":"https:\/\/millitv.net\/index.php?rest_route=\/wp\/v2\/users\/1"}],"replies":[{"embeddable":true,"href":"https:\/\/millitv.net\/index.php?rest_route=%2Fwp%2Fv2%2Fcomments&post=989"}],"version-history":[{"count":0,"href":"https:\/\/millitv.net\/index.php?rest_route=\/wp\/v2\/posts\/989\/revisions"}],"wp:featuredmedia":[{"embeddable":true,"href":"https:\/\/millitv.net\/index.php?rest_route=\/wp\/v2\/media\/990"}],"wp:attachment":[{"href":"https:\/\/millitv.net\/index.php?rest_route=%2Fwp%2Fv2%2Fmedia&parent=989"}],"wp:term":[{"taxonomy":"category","embeddable":true,"href":"https:\/\/millitv.net\/index.php?rest_route=%2Fwp%2Fv2%2Fcategories&post=989"},{"taxonomy":"post_tag","embeddable":true,"href":"https:\/\/millitv.net\/index.php?rest_route=%2Fwp%2Fv2%2Ftags&post=989"}],"curies":[{"name":"wp","href":"https:\/\/api.w.org\/{rel}","templated":true}]}}