{"id":9835,"date":"2024-02-05T09:31:18","date_gmt":"2024-02-05T09:31:18","guid":{"rendered":"https:\/\/millinews.az\/?p=9835"},"modified":"2024-02-05T09:31:51","modified_gmt":"2024-02-05T09:31:51","slug":"xarici-ulduzlardan-f%C9%99rql%C9%99nmir","status":"publish","type":"post","link":"https:\/\/millitv.net\/?p=9835","title":{"rendered":"Xarici ulduzlardan f\u0259rql\u0259nmir"},"content":{"rendered":"\n<p>M\u00fc\u011f\u0259nni Mehin H\u00fcmb\u0259tova c\u0259sar\u0259tli fotolar\u0131 il\u0259 diqq\u0259t \u00e7\u0259kib.<\/p>\n\n\n\n<p> Millinews az x\u0259b\u0259r\u00a0verir ki, g\u0259nc s\u0259n\u0259t\u00e7i bu d\u0259f\u0259 T\u00fcrkiy\u0259d\u0259 kamera qar\u015f\u0131s\u0131na ke\u00e7ib. Mehin \u00fc\u00e7 obrazda t\u00fcrk fotoqraf Alper Deniz\u0259 pozalar verib.<\/p>\n\n\n\n<p>Bu m\u0259qamda bildir\u0259k ki, A.Deniz T\u00fcrkiy\u0259nin \u0259n populyar simalar\u0131 il\u0259 \u0259m\u0259kda\u015fl\u0131q edir. Daha \u00e7ox d\u0259ri libaslar\u0131n \u00f6n planda oldu\u011fu Mehinin imici \u00fcz\u0259rind\u0259 S\u0131la Ceren \u00d6zyurt \u00e7al\u0131\u015f\u0131b.<\/p>\n\n\n\n<p>Qeyd ed\u0259k ki, H\u00fcmb\u0259tova bir ne\u00e7\u0259 g\u00fcn sonra &#8220;Sus&#8221; adl\u0131 klipini ictimaiyy\u0259t\u0259 t\u0259qdim ed\u0259c\u0259k. Layih\u0259nin meneceri V\u00fcqar Husiyevdir.<br><img decoding=\"async\" src=\"https:\/\/upload.az\/foto\/arxiv\/asderftgyhu.PNG\" alt=\"Xarici ulduzlardan f\u0259rql\u0259nmir\" title=\"\"><\/p>\n","protected":false},"excerpt":{"rendered":"<p>M\u00fc\u011f\u0259nni Mehin H\u00fcmb\u0259tova c\u0259sar\u0259tli fotolar\u0131 il\u0259 diqq\u0259t \u00e7\u0259kib. Millinews az x\u0259b\u0259r\u00a0verir ki, g\u0259nc s\u0259n\u0259t\u00e7i bu d\u0259f\u0259 T\u00fcrkiy\u0259d\u0259 kamera qar\u015f\u0131s\u0131na ke\u00e7ib. Mehin \u00fc\u00e7 obrazda t\u00fcrk fotoqraf Alper Deniz\u0259 pozalar verib. Bu m\u0259qamda bildir\u0259k ki, A.Deniz T\u00fcrkiy\u0259nin \u0259n populyar simalar\u0131 il\u0259 \u0259m\u0259kda\u015fl\u0131q edir. Daha \u00e7ox d\u0259ri libaslar\u0131n \u00f6n planda oldu\u011fu Mehinin imici \u00fcz\u0259rind\u0259 S\u0131la Ceren \u00d6zyurt \u00e7al\u0131\u015f\u0131b. &hellip;<\/p>\n","protected":false},"author":1,"featured_media":9836,"comment_status":"open","ping_status":"closed","sticky":false,"template":"","format":"standard","meta":{"footnotes":""},"categories":[6],"tags":[],"class_list":["post-9835","post","type-post","status-publish","format-standard","has-post-thumbnail","hentry","category-maqazin"],"_links":{"self":[{"href":"https:\/\/millitv.net\/index.php?rest_route=\/wp\/v2\/posts\/9835","targetHints":{"allow":["GET"]}}],"collection":[{"href":"https:\/\/millitv.net\/index.php?rest_route=\/wp\/v2\/posts"}],"about":[{"href":"https:\/\/millitv.net\/index.php?rest_route=\/wp\/v2\/types\/post"}],"author":[{"embeddable":true,"href":"https:\/\/millitv.net\/index.php?rest_route=\/wp\/v2\/users\/1"}],"replies":[{"embeddable":true,"href":"https:\/\/millitv.net\/index.php?rest_route=%2Fwp%2Fv2%2Fcomments&post=9835"}],"version-history":[{"count":0,"href":"https:\/\/millitv.net\/index.php?rest_route=\/wp\/v2\/posts\/9835\/revisions"}],"wp:featuredmedia":[{"embeddable":true,"href":"https:\/\/millitv.net\/index.php?rest_route=\/wp\/v2\/media\/9836"}],"wp:attachment":[{"href":"https:\/\/millitv.net\/index.php?rest_route=%2Fwp%2Fv2%2Fmedia&parent=9835"}],"wp:term":[{"taxonomy":"category","embeddable":true,"href":"https:\/\/millitv.net\/index.php?rest_route=%2Fwp%2Fv2%2Fcategories&post=9835"},{"taxonomy":"post_tag","embeddable":true,"href":"https:\/\/millitv.net\/index.php?rest_route=%2Fwp%2Fv2%2Ftags&post=9835"}],"curies":[{"name":"wp","href":"https:\/\/api.w.org\/{rel}","templated":true}]}}