{"id":9790,"date":"2024-02-04T11:06:33","date_gmt":"2024-02-04T11:06:33","guid":{"rendered":"https:\/\/millinews.az\/?p=9790"},"modified":"2024-02-04T11:06:35","modified_gmt":"2024-02-04T11:06:35","slug":"almaxanim-ehm%C9%99dlid%C9%99n-yeni-fotolar","status":"publish","type":"post","link":"https:\/\/millitv.net\/?p=9790","title":{"rendered":"Almaxan\u0131m \u018fhm\u0259dlid\u0259n YEN\u0130 FOTOLAR"},"content":{"rendered":"\n<p>G\u0259nc ifa\u00e7\u0131 Almaxan\u0131m \u018fhm\u0259dli sosial mediada payla\u015f\u0131m\u0131 il\u0259 diqq\u0259t \u00e7\u0259kib.<\/p>\n\n\n\n<p>Millinews.az x\u0259b\u0259r verir ki, Almaxan\u0131m instaqramda yeni g\u00f6r\u00fcnt\u00fcl\u0259rini izl\u0259yicil\u0259ri il\u0259 b\u00f6l\u00fc\u015f\u00fcb. \u0130fa\u00e7\u0131 g\u00f6r\u00fcn\u00fc\u015f\u00fc il\u0259 diqq\u0259t \u00e7\u0259kib. Onun payla\u015f\u0131m\u0131 mara\u011fa s\u0259b\u0259b olub.<\/p>\n\n\n\n<p>Qeyd ed\u0259k ki, Almaxan\u0131m \u015fair V\u00fcqar \u018fhm\u0259din q\u0131z\u0131d\u0131r.<\/p>\n\n\n\n<figure class=\"wp-block-image\"><img decoding=\"async\" src=\"https:\/\/upload.az\/foto\/arxiv\/Ekran_sekli_2024-02-03_225436.png\" alt=\"Almaxan\u0131m \u018fhm\u0259dlid\u0259n YEN\u0130 FOTOLAR\" title=\"\"><\/figure>\n\n\n\n<figure class=\"wp-block-image\"><img decoding=\"async\" src=\"https:\/\/upload.az\/foto\/arxiv\/Ekran_sekli_2024-02-03_225451.png\" alt=\"Almaxan\u0131m \u018fhm\u0259dlid\u0259n YEN\u0130 FOTOLAR\" title=\"\"><\/figure>\n\n\n\n<figure class=\"wp-block-image\"><img decoding=\"async\" src=\"https:\/\/upload.az\/foto\/arxiv\/Ekran_sekli_2024-02-03_225516.png\" alt=\"Almaxan\u0131m \u018fhm\u0259dlid\u0259n YEN\u0130 FOTOLAR\" title=\"\"><\/figure>\n","protected":false},"excerpt":{"rendered":"<p>G\u0259nc ifa\u00e7\u0131 Almaxan\u0131m \u018fhm\u0259dli sosial mediada payla\u015f\u0131m\u0131 il\u0259 diqq\u0259t \u00e7\u0259kib. Millinews.az x\u0259b\u0259r verir ki, Almaxan\u0131m instaqramda yeni g\u00f6r\u00fcnt\u00fcl\u0259rini izl\u0259yicil\u0259ri il\u0259 b\u00f6l\u00fc\u015f\u00fcb. \u0130fa\u00e7\u0131 g\u00f6r\u00fcn\u00fc\u015f\u00fc il\u0259 diqq\u0259t \u00e7\u0259kib. Onun payla\u015f\u0131m\u0131 mara\u011fa s\u0259b\u0259b olub. Qeyd ed\u0259k ki, Almaxan\u0131m \u015fair V\u00fcqar \u018fhm\u0259din q\u0131z\u0131d\u0131r.<\/p>\n","protected":false},"author":1,"featured_media":9791,"comment_status":"open","ping_status":"closed","sticky":false,"template":"","format":"standard","meta":{"footnotes":""},"categories":[6],"tags":[],"class_list":["post-9790","post","type-post","status-publish","format-standard","has-post-thumbnail","hentry","category-maqazin"],"_links":{"self":[{"href":"https:\/\/millitv.net\/index.php?rest_route=\/wp\/v2\/posts\/9790","targetHints":{"allow":["GET"]}}],"collection":[{"href":"https:\/\/millitv.net\/index.php?rest_route=\/wp\/v2\/posts"}],"about":[{"href":"https:\/\/millitv.net\/index.php?rest_route=\/wp\/v2\/types\/post"}],"author":[{"embeddable":true,"href":"https:\/\/millitv.net\/index.php?rest_route=\/wp\/v2\/users\/1"}],"replies":[{"embeddable":true,"href":"https:\/\/millitv.net\/index.php?rest_route=%2Fwp%2Fv2%2Fcomments&post=9790"}],"version-history":[{"count":0,"href":"https:\/\/millitv.net\/index.php?rest_route=\/wp\/v2\/posts\/9790\/revisions"}],"wp:featuredmedia":[{"embeddable":true,"href":"https:\/\/millitv.net\/index.php?rest_route=\/wp\/v2\/media\/9791"}],"wp:attachment":[{"href":"https:\/\/millitv.net\/index.php?rest_route=%2Fwp%2Fv2%2Fmedia&parent=9790"}],"wp:term":[{"taxonomy":"category","embeddable":true,"href":"https:\/\/millitv.net\/index.php?rest_route=%2Fwp%2Fv2%2Fcategories&post=9790"},{"taxonomy":"post_tag","embeddable":true,"href":"https:\/\/millitv.net\/index.php?rest_route=%2Fwp%2Fv2%2Ftags&post=9790"}],"curies":[{"name":"wp","href":"https:\/\/api.w.org\/{rel}","templated":true}]}}