{"id":976,"date":"2023-10-11T19:03:06","date_gmt":"2023-10-11T19:03:06","guid":{"rendered":"https:\/\/millinews.az\/xeber\/prezident-dun%C9%99n-ona-t%C9%99qdim-edil%C9%99n-videodan-danisdi-Millinews.az\/"},"modified":"2023-10-11T19:10:21","modified_gmt":"2023-10-11T19:10:21","slug":"prezident-dun%C9%99n-ona-t%C9%99qdim-edil%C9%99n-videodan-danisdi-millinews-az","status":"publish","type":"post","link":"https:\/\/millitv.net\/?p=976","title":{"rendered":"Prezident d\u00fcn\u0259n ona t\u0259qdim edil\u0259n videodan dan\u0131\u015fd\u0131 \u2013 Millinews.az"},"content":{"rendered":"<div id=\"the-post\">\n<div class=\"featured-area\">\n<div class=\"featured-area-inner\">\n<figure class=\"single-featured-image\"><img loading=\"lazy\" width=\"637\" height=\"400\" src=\"https:\/\/Millinews.az.net\/wp-content\/uploads\/2023\/10\/IMG_8877.jpeg\" class=\"attachment-jannah-image-post size-jannah-image-post wp-post-image\" alt=\"\" decoding=\"async\" data-main-img=\"1\" srcset=\"https:\/\/Millinews.az.net\/wp-content\/uploads\/2023\/10\/IMG_8877.jpeg 637w, https:\/\/Millinews.az.net\/wp-content\/uploads\/2023\/10\/IMG_8877-300x188.jpeg 300w\" sizes=\"auto, (max-width: 637px) 100vw, 637px\" title=\"\"><\/figure>\n<\/div>\n<\/div>\n<p><!-- .entry-header-outer \/--><\/p>\n<div class=\"entry-content entry clearfix\">\n<p><strong>\u201cLakin yeri g\u0259lmi\u015fk\u0259n, onu da dem\u0259liy\u0259m ki, el\u0259 d\u00fcn\u0259n m\u0259n\u0259 bir videos\u00fcjet t\u0259qdim etdil\u0259r. H\u0259min videoda AB\u015e prezidentliyin\u0259 namiz\u0259d Az\u0259rbaycana qar\u015f\u0131 ittihamlarla \u00e7\u0131x\u0131\u015f edir v\u0259 bu zaman erm\u0259nil\u0259r t\u0259r\u0259find\u0259n G\u0259nc\u0259 \u015f\u0259h\u0259rinin raket at\u0259\u015fin\u0259 tutulmas\u0131 il\u0259 ba\u011fl\u0131 kadrlar\u0131 n\u00fcmayi\u015f etdirir\u201d.<\/strong><\/p>\n<p>Sfera.az\u00a0\u00a0x\u0259b\u0259r verir ki, bunu Prezident \u0130lham \u018fliyev MDB-y\u0259 \u00fczv d\u00f6vl\u0259tl\u0259rin t\u0259hl\u00fck\u0259sizlik v\u0259 x\u00fcsusi xidm\u0259t orqanlar\u0131 r\u0259hb\u0259rl\u0259ri \u015furas\u0131n\u0131n 53-c\u00fc iclas\u0131n\u0131n i\u015ftirak\u00e7\u0131lar\u0131n\u0131 q\u0259bul ed\u0259rk\u0259n deyib.<\/p>\n<p>D\u00f6vl\u0259t ba\u015f\u00e7\u0131s\u0131 bildirib ki, bel\u0259 saxtakarl\u0131\u011fa v\u0259 h\u0259yas\u0131zl\u0131\u011fa yol ver\u0259c\u0259k q\u0259d\u0259r simas\u0131zla\u015fmaq qeyri-m\u00fcmk\u00fcnd\u00fcr:<\/p>\n<p>\u201c\u0130kinci Qaraba\u011f m\u00fcharib\u0259si zaman\u0131 Erm\u0259nistan m\u00fcnaqi\u015f\u0259 zonas\u0131ndan y\u00fcz kilometrl\u0259rl\u0259 uzaqda yerl\u0259\u015f\u0259n \u015f\u0259h\u0259rl\u0259rimizi uzaqm\u0259nzilli artilleriyadan, o c\u00fcml\u0259d\u0259n ballistik raketl\u0259rd\u0259n at\u0259\u015f\u0259 tutdu. Bunun n\u0259tic\u0259sind\u0259 bizim u\u015faqlar da daxil olmaqla, y\u00fczd\u0259n art\u0131q m\u00fclki v\u0259t\u0259nda\u015f\u0131m\u0131z h\u0259yat\u0131n\u0131 itirdi. M\u0259hz s\u00f6z\u00fcged\u0259n h\u0259min namiz\u0259d, Az\u0259rbaycan\u0131 ittiham ed\u0259r\u0259k, erm\u0259nil\u0259rin G\u0259nc\u0259y\u0259 v\u0259 B\u0259rd\u0259y\u0259 h\u00fccumlar\u0131n\u0131n kadrlar\u0131n\u0131 n\u00fcmayi\u015f etdirir. \u0130ndi bu insanlarla nec\u0259 dan\u0131\u015fmaq olar, onlara n\u0259yi izah etm\u0259k olar? Onlar he\u00e7 n\u0259 e\u015fitm\u0259k ist\u0259mirl\u0259r. Onlar m\u0259rk\u0259zd\u0259n veril\u0259n t\u0259limata uy\u011fun h\u0259r\u0259k\u0259t edirl\u0259r. Ona g\u00f6r\u0259 d\u0259 biz indi Az\u0259rbaycana qar\u015f\u0131 apar\u0131lan misli g\u00f6r\u00fcnm\u0259mi\u015f informasiya m\u00fcharib\u0259si il\u0259 \u00fcz-\u00fcz\u0259 qalm\u0131\u015f\u0131q. Biz, \u0259lb\u0259tt\u0259, \u00f6z g\u00fcc\u00fcm\u00fczl\u0259 buna m\u00fcqavim\u0259t g\u00f6st\u0259ririk, ba\u015f ver\u0259nl\u0259rl\u0259 ba\u011fl\u0131 h\u0259qiq\u0259tl\u0259ri \u00e7atd\u0131rma\u011fa \u00e7al\u0131\u015f\u0131r\u0131q v\u0259 \u00e7atd\u0131r\u0131r\u0131q. Ancaq ba\u015fa d\u00fc\u015fm\u0259k laz\u0131md\u0131r ki, g\u00fccl\u0259r qeyri-b\u0259rab\u0259rdir. \u00c7oxillik m\u00fcst\u0259ml\u0259k\u0259\u00e7ilik tarixin\u0259 malik Fransa kimi \u00f6lk\u0259l\u0259rin d\u00fcnya \u00fczr\u0259 media resurslar\u0131 bizd\u0259kind\u0259n qat-qat \u00e7oxdur.<\/p>\n<p>Lakin bununla bel\u0259, biz m\u00fcxt\u0259lif platformalardan v\u0259 beyn\u0259lxalq t\u0259\u015fkilatlardan, habel\u0259 dig\u0259r formalardan istifad\u0259 ed\u0259r\u0259k, ba\u015f ver\u0259nl\u0259r bar\u0259d\u0259 h\u0259qiq\u0259tl\u0259ri \u00e7atd\u0131r\u0131r\u0131q v\u0259 bundan sonra da \u00e7atd\u0131raca\u011f\u0131q\u201d.<\/p>\n<p><!-- AI CONTENT END 1 --><\/p>\n<\/div>\n<p><!-- .entry-content \/--><\/p>\n<p><!-- .share-buttons \/--><\/p>\n<\/div>\n","protected":false},"excerpt":{"rendered":"<p>\u201cLakin yeri g\u0259lmi\u015fk\u0259n, onu da dem\u0259liy\u0259m ki, el\u0259 d\u00fcn\u0259n m\u0259n\u0259 bir videos\u00fcjet t\u0259qdim etdil\u0259r. H\u0259min videoda AB\u015e prezidentliyin\u0259 namiz\u0259d Az\u0259rbaycana qar\u015f\u0131 ittihamlarla \u00e7\u0131x\u0131\u015f edir v\u0259 bu zaman erm\u0259nil\u0259r t\u0259r\u0259find\u0259n G\u0259nc\u0259 \u015f\u0259h\u0259rinin raket at\u0259\u015fin\u0259 tutulmas\u0131 il\u0259 ba\u011fl\u0131 kadrlar\u0131 n\u00fcmayi\u015f etdirir\u201d. Sfera.az\u00a0\u00a0x\u0259b\u0259r verir ki, bunu Prezident \u0130lham \u018fliyev MDB-y\u0259 \u00fczv d\u00f6vl\u0259tl\u0259rin t\u0259hl\u00fck\u0259sizlik v\u0259 x\u00fcsusi xidm\u0259t orqanlar\u0131 r\u0259hb\u0259rl\u0259ri &hellip;<\/p>\n","protected":false},"author":1,"featured_media":977,"comment_status":"open","ping_status":"closed","sticky":false,"template":"","format":"standard","meta":{"footnotes":""},"categories":[9],"tags":[],"class_list":["post-976","post","type-post","status-publish","format-standard","has-post-thumbnail","hentry","category-xeber"],"_links":{"self":[{"href":"https:\/\/millitv.net\/index.php?rest_route=\/wp\/v2\/posts\/976","targetHints":{"allow":["GET"]}}],"collection":[{"href":"https:\/\/millitv.net\/index.php?rest_route=\/wp\/v2\/posts"}],"about":[{"href":"https:\/\/millitv.net\/index.php?rest_route=\/wp\/v2\/types\/post"}],"author":[{"embeddable":true,"href":"https:\/\/millitv.net\/index.php?rest_route=\/wp\/v2\/users\/1"}],"replies":[{"embeddable":true,"href":"https:\/\/millitv.net\/index.php?rest_route=%2Fwp%2Fv2%2Fcomments&post=976"}],"version-history":[{"count":0,"href":"https:\/\/millitv.net\/index.php?rest_route=\/wp\/v2\/posts\/976\/revisions"}],"wp:featuredmedia":[{"embeddable":true,"href":"https:\/\/millitv.net\/index.php?rest_route=\/wp\/v2\/media\/977"}],"wp:attachment":[{"href":"https:\/\/millitv.net\/index.php?rest_route=%2Fwp%2Fv2%2Fmedia&parent=976"}],"wp:term":[{"taxonomy":"category","embeddable":true,"href":"https:\/\/millitv.net\/index.php?rest_route=%2Fwp%2Fv2%2Fcategories&post=976"},{"taxonomy":"post_tag","embeddable":true,"href":"https:\/\/millitv.net\/index.php?rest_route=%2Fwp%2Fv2%2Ftags&post=976"}],"curies":[{"name":"wp","href":"https:\/\/api.w.org\/{rel}","templated":true}]}}