{"id":9707,"date":"2024-02-02T13:58:35","date_gmt":"2024-02-02T13:58:35","guid":{"rendered":"https:\/\/millinews.az\/?p=9707"},"modified":"2024-02-02T13:58:37","modified_gmt":"2024-02-02T13:58:37","slug":"ilk-d%C9%99f%C9%99-qizlarinin-uzunu-gost%C9%99rdil%C9%99r","status":"publish","type":"post","link":"https:\/\/millitv.net\/?p=9707","title":{"rendered":"\u0130lk d\u0259f\u0259 q\u0131zlar\u0131n\u0131n \u00fcz\u00fcn\u00fc g\u00f6st\u0259rdil\u0259r"},"content":{"rendered":"\n<p>Xalq artisti Natiq \u015eirinovun o\u011flu \u00dcmid v\u0259 \u018fm\u0259kdar artist F\u0259rqan\u0259 Qas\u0131movan\u0131n q\u0131z\u0131 Fatim\u0259 ilk d\u0259f\u0259 \u00f6vladlar\u0131n\u0131n \u00fcz\u00fca\u00e7\u0131q \u015f\u0259klini payla\u015f\u0131b.<\/p>\n\n\n\n<p>OLAY yaz\u0131r ki, onlar ail\u0259 fotolar\u0131n\u0131 instaqramda yerl\u0259\u015fdiribl\u0259r.<\/p>\n\n\n\n<p>C\u00fctl\u00fck evlilik ild\u00f6n\u00fcml\u0259ri oldu\u011funu qeyd edib.<\/p>\n\n\n\n<figure class=\"wp-block-image\"><img decoding=\"async\" src=\"https:\/\/upload.az\/foto\/arxiv\/ilk1.PNG\" alt=\"\u0130lk d\u0259f\u0259 q\u0131zlar\u0131n\u0131n \u00fcz\u00fcn\u00fc g\u00f6st\u0259rdil\u0259r\" title=\"\"><\/figure>\n","protected":false},"excerpt":{"rendered":"<p>Xalq artisti Natiq \u015eirinovun o\u011flu \u00dcmid v\u0259 \u018fm\u0259kdar artist F\u0259rqan\u0259 Qas\u0131movan\u0131n q\u0131z\u0131 Fatim\u0259 ilk d\u0259f\u0259 \u00f6vladlar\u0131n\u0131n \u00fcz\u00fca\u00e7\u0131q \u015f\u0259klini payla\u015f\u0131b. OLAY yaz\u0131r ki, onlar ail\u0259 fotolar\u0131n\u0131 instaqramda yerl\u0259\u015fdiribl\u0259r. C\u00fctl\u00fck evlilik ild\u00f6n\u00fcml\u0259ri oldu\u011funu qeyd edib.<\/p>\n","protected":false},"author":1,"featured_media":9708,"comment_status":"open","ping_status":"closed","sticky":false,"template":"","format":"standard","meta":{"footnotes":""},"categories":[6],"tags":[],"class_list":["post-9707","post","type-post","status-publish","format-standard","has-post-thumbnail","hentry","category-maqazin"],"_links":{"self":[{"href":"https:\/\/millitv.net\/index.php?rest_route=\/wp\/v2\/posts\/9707","targetHints":{"allow":["GET"]}}],"collection":[{"href":"https:\/\/millitv.net\/index.php?rest_route=\/wp\/v2\/posts"}],"about":[{"href":"https:\/\/millitv.net\/index.php?rest_route=\/wp\/v2\/types\/post"}],"author":[{"embeddable":true,"href":"https:\/\/millitv.net\/index.php?rest_route=\/wp\/v2\/users\/1"}],"replies":[{"embeddable":true,"href":"https:\/\/millitv.net\/index.php?rest_route=%2Fwp%2Fv2%2Fcomments&post=9707"}],"version-history":[{"count":0,"href":"https:\/\/millitv.net\/index.php?rest_route=\/wp\/v2\/posts\/9707\/revisions"}],"wp:featuredmedia":[{"embeddable":true,"href":"https:\/\/millitv.net\/index.php?rest_route=\/wp\/v2\/media\/9708"}],"wp:attachment":[{"href":"https:\/\/millitv.net\/index.php?rest_route=%2Fwp%2Fv2%2Fmedia&parent=9707"}],"wp:term":[{"taxonomy":"category","embeddable":true,"href":"https:\/\/millitv.net\/index.php?rest_route=%2Fwp%2Fv2%2Fcategories&post=9707"},{"taxonomy":"post_tag","embeddable":true,"href":"https:\/\/millitv.net\/index.php?rest_route=%2Fwp%2Fv2%2Ftags&post=9707"}],"curies":[{"name":"wp","href":"https:\/\/api.w.org\/{rel}","templated":true}]}}