{"id":9692,"date":"2024-02-02T06:46:34","date_gmt":"2024-02-02T06:46:34","guid":{"rendered":"https:\/\/millinews.az\/?p=9692"},"modified":"2024-02-02T06:46:36","modified_gmt":"2024-02-02T06:46:36","slug":"anasini-v%C9%99-n%C9%99n%C9%99sini-oldur%C9%99n-qadin-mehdi-oldugumu-hiss-etdim-v%C9%99hy-g%C9%99ldi-ki-foto","status":"publish","type":"post","link":"https:\/\/millitv.net\/?p=9692","title":{"rendered":"Anas\u0131n\u0131 v\u0259 n\u0259n\u0259sini \u00f6ld\u00fcr\u0259n qad\u0131n &#8211; Mehdi oldu\u011fumu hiss etdim, v\u0259hy g\u0259ldi ki&#8230; &#8211; FOTO"},"content":{"rendered":"\n<p>T\u00fcrkiy\u0259d\u0259 ba\u015f vermi\u015f a\u011flas\u0131\u011fmaz q\u0259tll\u0259 ba\u011fl\u0131 m\u0259lumat vermi\u015fdik.<\/p>\n\n\n\n<p>Zonqulda\u011f vilay\u0259tind\u0259 anas\u0131n\u0131 v\u0259 n\u0259n\u0259sini yatd\u0131\u011f\u0131 yerd\u0259 \u00f6ld\u00fcr\u00fcb, meyiti par\u00e7alad\u0131qdan sonra eyvandan atan \u015f\u0259xs ifad\u0259 verib.<\/p>\n\n\n\n<p>&#8220;Mehdi oldu\u011fumu hiss edir\u0259m. V\u0259hy g\u0259ldi ki, onlar \u015feytand\u0131r v\u0259 onlar\u0131 \u00f6ld\u00fcrm\u0259liy\u0259m. M\u0259n d\u0259 \u00f6ld\u00fcrd\u00fcm, onlar\u0131n x\u0259trini \u00e7ox ist\u0259yirdim&#8221;, &#8211; 31 ya\u015fl\u0131&nbsp;Rabia \u00c7atakl\u0131 s\u00f6yl\u0259yib. (milli.az)<\/p>\n\n\n\n<figure class=\"wp-block-image\"><img decoding=\"async\" src=\"https:\/\/kanal.az\/uploads\/image\/original\/2024-01\/65ba5cead5323202401244458.jpg\" alt=\"\" title=\"\"><\/figure>\n\n\n\n<p><a href=\"https:\/\/www.facebook.com\/sharer\/sharer.php?u=https:\/\/showmedia.az\/anasini-ve-nenesini-olduren-qadin-mehdi-oldugumu-hiss-etdim-vehy-geldi-ki-foto-1837\/\" target=\"_blank\" rel=\"noreferrer noopener\"><\/a><\/p>\n","protected":false},"excerpt":{"rendered":"<p>T\u00fcrkiy\u0259d\u0259 ba\u015f vermi\u015f a\u011flas\u0131\u011fmaz q\u0259tll\u0259 ba\u011fl\u0131 m\u0259lumat vermi\u015fdik. Zonqulda\u011f vilay\u0259tind\u0259 anas\u0131n\u0131 v\u0259 n\u0259n\u0259sini yatd\u0131\u011f\u0131 yerd\u0259 \u00f6ld\u00fcr\u00fcb, meyiti par\u00e7alad\u0131qdan sonra eyvandan atan \u015f\u0259xs ifad\u0259 verib. &#8220;Mehdi oldu\u011fumu hiss edir\u0259m. V\u0259hy g\u0259ldi ki, onlar \u015feytand\u0131r v\u0259 onlar\u0131 \u00f6ld\u00fcrm\u0259liy\u0259m. M\u0259n d\u0259 \u00f6ld\u00fcrd\u00fcm, onlar\u0131n x\u0259trini \u00e7ox ist\u0259yirdim&#8221;, &#8211; 31 ya\u015fl\u0131&nbsp;Rabia \u00c7atakl\u0131 s\u00f6yl\u0259yib. (milli.az)<\/p>\n","protected":false},"author":1,"featured_media":9693,"comment_status":"open","ping_status":"closed","sticky":false,"template":"","format":"standard","meta":{"footnotes":""},"categories":[9],"tags":[],"class_list":["post-9692","post","type-post","status-publish","format-standard","has-post-thumbnail","hentry","category-xeber"],"_links":{"self":[{"href":"https:\/\/millitv.net\/index.php?rest_route=\/wp\/v2\/posts\/9692","targetHints":{"allow":["GET"]}}],"collection":[{"href":"https:\/\/millitv.net\/index.php?rest_route=\/wp\/v2\/posts"}],"about":[{"href":"https:\/\/millitv.net\/index.php?rest_route=\/wp\/v2\/types\/post"}],"author":[{"embeddable":true,"href":"https:\/\/millitv.net\/index.php?rest_route=\/wp\/v2\/users\/1"}],"replies":[{"embeddable":true,"href":"https:\/\/millitv.net\/index.php?rest_route=%2Fwp%2Fv2%2Fcomments&post=9692"}],"version-history":[{"count":0,"href":"https:\/\/millitv.net\/index.php?rest_route=\/wp\/v2\/posts\/9692\/revisions"}],"wp:featuredmedia":[{"embeddable":true,"href":"https:\/\/millitv.net\/index.php?rest_route=\/wp\/v2\/media\/9693"}],"wp:attachment":[{"href":"https:\/\/millitv.net\/index.php?rest_route=%2Fwp%2Fv2%2Fmedia&parent=9692"}],"wp:term":[{"taxonomy":"category","embeddable":true,"href":"https:\/\/millitv.net\/index.php?rest_route=%2Fwp%2Fv2%2Fcategories&post=9692"},{"taxonomy":"post_tag","embeddable":true,"href":"https:\/\/millitv.net\/index.php?rest_route=%2Fwp%2Fv2%2Ftags&post=9692"}],"curies":[{"name":"wp","href":"https:\/\/api.w.org\/{rel}","templated":true}]}}