{"id":968,"date":"2023-10-11T18:53:15","date_gmt":"2023-10-11T18:53:15","guid":{"rendered":"https:\/\/millinews.az\/dunya\/oxu-az-erdogan-hemas-numay%C9%99nd%C9%99l%C9%99ri-il%C9%99-girovlarin-azad-edilm%C9%99sini-muzakir%C9%99-edib\/"},"modified":"2023-10-11T18:53:15","modified_gmt":"2023-10-11T18:53:15","slug":"oxu-az-erdogan-hemas-numay%C9%99nd%C9%99l%C9%99ri-il%C9%99-girovlarin-azad-edilm%C9%99sini-muzakir%C9%99-edib","status":"publish","type":"post","link":"https:\/\/millitv.net\/?p=968","title":{"rendered":"Oxu.az &#8211; \u018frdo\u011fan H\u018fMAS n\u00fcmay\u0259nd\u0259l\u0259ri il\u0259 girovlar\u0131n azad edilm\u0259sini m\u00fczakir\u0259 edib?"},"content":{"rendered":"<p><img decoding=\"async\" src=\"https:\/\/cdn.oxu.az\/uploads\/W1siZiIsIjIwMjMvMTAvMTEvMjIvNDAvMzcvMTFmMjM1ZjgtMDU4Mi00ZWFiLWI2NTAtNDBiOGI4NzE3YzMwL2EyZjY5YjI0ZGI3YzhmOTk3ZTA3YWNmYTIwNmUzNzY1LmpwZyJdLFsicCIsImVuY29kZSIsImpwZyIsIi1xdWFsaXR5IDgwIl0sWyJwIiwidGh1bWIiLCI2MjB4NDY1XHUwMDNlIl1d?sha=3e85c3bba24b3f9d\" alt=\"\" title=\"\"><\/p>\n<div>\n<p>T\u00fcrkiy\u0259 Prezidenti R\u0259c\u0259b Tayyib \u018frdo\u011fan H\u018fMAS n\u00fcmay\u0259nd\u0259l\u0259ri il\u0259 saxlan\u0131lan girovlar\u0131n azad edilm\u0259si \u00fczr\u0259 dan\u0131\u015f\u0131qlar apar\u0131b.<\/p>\n<p>Diplomatik m\u0259nb\u0259l\u0259rd\u0259n veril\u0259n m\u0259lumata g\u00f6r\u0259, g\u00f6r\u00fc\u015f Ankarada ba\u015f tutub.<\/p>\n<p>H\u0259l\u0259lik T\u00fcrkiy\u0259 t\u0259r\u0259find\u0259n m\u0259s\u0259l\u0259 il\u0259 ba\u011fl\u0131 r\u0259smi \u015f\u0259rh verilm\u0259yib.<\/p>\n<p>M\u0259nb\u0259: Habert\u00fcrk<\/p>\n<\/div>\n","protected":false},"excerpt":{"rendered":"<p>T\u00fcrkiy\u0259 Prezidenti R\u0259c\u0259b Tayyib \u018frdo\u011fan H\u018fMAS n\u00fcmay\u0259nd\u0259l\u0259ri il\u0259 saxlan\u0131lan girovlar\u0131n azad edilm\u0259si \u00fczr\u0259 dan\u0131\u015f\u0131qlar apar\u0131b. Diplomatik m\u0259nb\u0259l\u0259rd\u0259n veril\u0259n m\u0259lumata g\u00f6r\u0259, g\u00f6r\u00fc\u015f Ankarada ba\u015f tutub. H\u0259l\u0259lik T\u00fcrkiy\u0259 t\u0259r\u0259find\u0259n m\u0259s\u0259l\u0259 il\u0259 ba\u011fl\u0131 r\u0259smi \u015f\u0259rh verilm\u0259yib. M\u0259nb\u0259: Habert\u00fcrk<\/p>\n","protected":false},"author":1,"featured_media":969,"comment_status":"open","ping_status":"closed","sticky":false,"template":"","format":"standard","meta":{"footnotes":""},"categories":[4],"tags":[],"class_list":["post-968","post","type-post","status-publish","format-standard","has-post-thumbnail","hentry","category-dunya"],"_links":{"self":[{"href":"https:\/\/millitv.net\/index.php?rest_route=\/wp\/v2\/posts\/968","targetHints":{"allow":["GET"]}}],"collection":[{"href":"https:\/\/millitv.net\/index.php?rest_route=\/wp\/v2\/posts"}],"about":[{"href":"https:\/\/millitv.net\/index.php?rest_route=\/wp\/v2\/types\/post"}],"author":[{"embeddable":true,"href":"https:\/\/millitv.net\/index.php?rest_route=\/wp\/v2\/users\/1"}],"replies":[{"embeddable":true,"href":"https:\/\/millitv.net\/index.php?rest_route=%2Fwp%2Fv2%2Fcomments&post=968"}],"version-history":[{"count":0,"href":"https:\/\/millitv.net\/index.php?rest_route=\/wp\/v2\/posts\/968\/revisions"}],"wp:featuredmedia":[{"embeddable":true,"href":"https:\/\/millitv.net\/index.php?rest_route=\/wp\/v2\/media\/969"}],"wp:attachment":[{"href":"https:\/\/millitv.net\/index.php?rest_route=%2Fwp%2Fv2%2Fmedia&parent=968"}],"wp:term":[{"taxonomy":"category","embeddable":true,"href":"https:\/\/millitv.net\/index.php?rest_route=%2Fwp%2Fv2%2Fcategories&post=968"},{"taxonomy":"post_tag","embeddable":true,"href":"https:\/\/millitv.net\/index.php?rest_route=%2Fwp%2Fv2%2Ftags&post=968"}],"curies":[{"name":"wp","href":"https:\/\/api.w.org\/{rel}","templated":true}]}}