{"id":9656,"date":"2024-03-23T08:45:00","date_gmt":"2024-03-23T08:45:00","guid":{"rendered":"https:\/\/millinews.az\/?p=9656"},"modified":"2024-03-21T18:49:48","modified_gmt":"2024-03-21T18:49:48","slug":"cic%C9%99k-aylarla-m%C9%99n%C9%99-101-gul-gond%C9%99ribl%C9%99r-amma-onlari-ev%C9%99-aparmamisam","status":"publish","type":"post","link":"https:\/\/millitv.net\/?p=9656","title":{"rendered":"\u00c7i\u00e7\u0259k: &#8220;Aylarla m\u0259n\u0259 101 g\u00fcl g\u00f6nd\u0259ribl\u0259r, amma onlar\u0131 ev\u0259 aparmam\u0131\u015fam&#8221;"},"content":{"rendered":"\n<p>&#8220;Atam m\u0259nim n\u0259f\u0259sim, da\u011f\u0131m, h\u0259r \u015feyimdir. Onsuz h\u0259yat\u0131m\u0131 t\u0259s\u0259vv\u00fcr etmir\u0259m. Yolda qalsam, kim\u0259 z\u0259ng ed\u0259r\u0259m? A\u011fl\u0131n\u0131za g\u0259l\u0259c\u0259k n\u0259 varsa, bir insan\u0131n ed\u0259c\u0259yini atam m\u0259nim \u00fc\u00e7\u00fcn edib&#8221;.<\/p>\n\n\n\n<p>Bizim.Media\u00a0x\u0259b\u0259r\u00a0verir ki, bu s\u00f6zl\u0259ri &#8220;\u00c7i\u00e7\u0259k&#8221; l\u0259q\u0259bi il\u0259 m\u0259\u015fhurla\u015fan teleradio apar\u0131c\u0131s\u0131 \u015e\u0259hla Vakkas qonaq oldu\u011fu &#8220;R\u0259ngar\u0259ng s\u0259h\u0259r&#8221; verili\u015find\u0259 deyib.<\/p>\n\n\n\n<p>Apar\u0131c\u0131 bildirib ki, ona aylarla bir \u015f\u0259xs 101 \u0259d\u0259d q\u0131z\u0131l g\u00fcl g\u00f6nd\u0259rib:<\/p>\n\n\n\n<p>&#8220;Aylarla m\u0259n\u0259 101 g\u00fcl g\u00f6nd\u0259ribl\u0259r. O b\u0259yin ad\u0131n\u0131 da \u00e7\u0259ks\u0259niz, q\u0131sqancl\u0131q olmaz. \u00c7\u00fcnki g\u00fcv\u0259n m\u0259s\u0259l\u0259si var. Onu m\u0259n\u0259 m\u00fc\u011f\u0259nni g\u00f6nd\u0259rm\u0259yib. O g\u00fcll\u0259ri d\u0259 n\u0259 ev\u0259 apar\u0131rd\u0131m, n\u0259 d\u0259 ki, sat\u0131rd\u0131m. Onlar ofisd\u0259 qal\u0131rd\u0131. Atam\u0131n v\u0259 qarda\u015f\u0131m\u0131n xasiyy\u0259ti \u00e7ox a\u011f\u0131rd\u0131r. D\u0259rhal soru\u015facaqd\u0131lar ki, bunlar\u0131 s\u0259n\u0259 kim al\u0131b?&#8221;<\/p>\n\n\n\n<p>\u00c7i\u00e7\u0259k ev\u0259 gec g\u0259ldiyind\u0259 ail\u0259sinin b\u00fct\u00fcn \u00fczvl\u0259ri ona z\u0259ng ed\u0259r\u0259k, narahatl\u0131q ke\u00e7irdiyini vur\u011fulay\u0131b:<\/p>\n\n\n\n<p>&#8220;Saat 20:00-da efird\u0259n \u00e7\u0131x\u0131ram. 20:30-da ev\u0259 g\u0259lm\u0259y\u0259nd\u0259 atam, anam, qarda\u015f\u0131m, h\u0259yat yolda\u015f\u0131m v\u0259 o\u011flum m\u0259n\u0259 z\u0259ng ed\u0259r\u0259k, harada oldu\u011fumu sor\u011fu-sual edirl\u0259r. Deyir\u0259m ki, \u0259l \u00e7\u0259kin m\u0259nd\u0259n. Bizd\u0259 ail\u0259d\u0259 ham\u0131 h\u0259r \u015feyi bilir. Ail\u0259 h\u0259yat\u0131mdan da \u00e7ox raz\u0131yam&#8221;.<\/p>\n\n\n\n<p>Apar\u0131c\u0131 xaricd\u0259 t\u0259hsil alan o\u011flundan da s\u00f6z a\u00e7\u0131b:<\/p>\n\n\n\n<p>&#8220;O\u011flumun \u0259n b\u00f6y\u00fck arzusu onun d\u0259rs oxuma\u011f\u0131ndan raz\u0131 olma\u011f\u0131md\u0131r. \u00c7\u00fcnki onun oxuma\u011f\u0131ndan raz\u0131 deyil\u0259m. O\u011flum haz\u0131rda T\u00fcrkiy\u0259d\u0259dir&#8221;.<\/p>\n","protected":false},"excerpt":{"rendered":"<p>&#8220;Atam m\u0259nim n\u0259f\u0259sim, da\u011f\u0131m, h\u0259r \u015feyimdir. Onsuz h\u0259yat\u0131m\u0131 t\u0259s\u0259vv\u00fcr etmir\u0259m. Yolda qalsam, kim\u0259 z\u0259ng ed\u0259r\u0259m? A\u011fl\u0131n\u0131za g\u0259l\u0259c\u0259k n\u0259 varsa, bir insan\u0131n ed\u0259c\u0259yini atam m\u0259nim \u00fc\u00e7\u00fcn edib&#8221;. Bizim.Media\u00a0x\u0259b\u0259r\u00a0verir ki, bu s\u00f6zl\u0259ri &#8220;\u00c7i\u00e7\u0259k&#8221; l\u0259q\u0259bi il\u0259 m\u0259\u015fhurla\u015fan teleradio apar\u0131c\u0131s\u0131 \u015e\u0259hla Vakkas qonaq oldu\u011fu &#8220;R\u0259ngar\u0259ng s\u0259h\u0259r&#8221; verili\u015find\u0259 deyib. Apar\u0131c\u0131 bildirib ki, ona aylarla bir \u015f\u0259xs 101 \u0259d\u0259d q\u0131z\u0131l g\u00fcl &hellip;<\/p>\n","protected":false},"author":1,"featured_media":9657,"comment_status":"open","ping_status":"closed","sticky":false,"template":"","format":"standard","meta":{"footnotes":""},"categories":[6],"tags":[],"class_list":["post-9656","post","type-post","status-publish","format-standard","has-post-thumbnail","hentry","category-maqazin"],"_links":{"self":[{"href":"https:\/\/millitv.net\/index.php?rest_route=\/wp\/v2\/posts\/9656","targetHints":{"allow":["GET"]}}],"collection":[{"href":"https:\/\/millitv.net\/index.php?rest_route=\/wp\/v2\/posts"}],"about":[{"href":"https:\/\/millitv.net\/index.php?rest_route=\/wp\/v2\/types\/post"}],"author":[{"embeddable":true,"href":"https:\/\/millitv.net\/index.php?rest_route=\/wp\/v2\/users\/1"}],"replies":[{"embeddable":true,"href":"https:\/\/millitv.net\/index.php?rest_route=%2Fwp%2Fv2%2Fcomments&post=9656"}],"version-history":[{"count":0,"href":"https:\/\/millitv.net\/index.php?rest_route=\/wp\/v2\/posts\/9656\/revisions"}],"wp:featuredmedia":[{"embeddable":true,"href":"https:\/\/millitv.net\/index.php?rest_route=\/wp\/v2\/media\/9657"}],"wp:attachment":[{"href":"https:\/\/millitv.net\/index.php?rest_route=%2Fwp%2Fv2%2Fmedia&parent=9656"}],"wp:term":[{"taxonomy":"category","embeddable":true,"href":"https:\/\/millitv.net\/index.php?rest_route=%2Fwp%2Fv2%2Fcategories&post=9656"},{"taxonomy":"post_tag","embeddable":true,"href":"https:\/\/millitv.net\/index.php?rest_route=%2Fwp%2Fv2%2Ftags&post=9656"}],"curies":[{"name":"wp","href":"https:\/\/api.w.org\/{rel}","templated":true}]}}