{"id":9633,"date":"2024-01-31T17:37:48","date_gmt":"2024-01-31T17:37:48","guid":{"rendered":"https:\/\/millinews.az\/?p=9633"},"modified":"2024-01-31T17:37:50","modified_gmt":"2024-01-31T17:37:50","slug":"meyxanaci-mug%C9%99nni-erim-toyda-oldu-yasda-atamdan-boyuk-idi","status":"publish","type":"post","link":"https:\/\/millitv.net\/?p=9633","title":{"rendered":"Meyxana\u00e7\u0131 m\u00fc\u011f\u0259nni: \u018frim toyda \u00f6ld\u00fc, ya\u015fda atamdan b\u00f6y\u00fck idi"},"content":{"rendered":"\n<p>Meyxana\u00e7\u0131-m\u00fc\u011f\u0259nni Samir\u0259 Yusifq\u0131z\u0131 \u015f\u0259xsi h\u0259yat\u0131 bar\u0259d\u0259 maraql\u0131 a\u00e7\u0131qlama verib.<\/p>\n\n\n\n<p>Lent.az-\u0131n\u00a0x\u0259b\u0259rin\u0259\u00a0g\u00f6r\u0259, o qat\u0131ld\u0131\u011f\u0131 proqramlardan birind\u0259 ail\u0259 h\u0259yat\u0131ndan b\u0259hs edib.<\/p>\n\n\n\n<p>&#8220;Yolda\u015f\u0131m r\u0259hm\u0259t\u0259 ged\u0259nd\u0259 q\u0131z\u0131m\u0131n alt\u0131, o\u011flumun s\u0259kkiz ya\u015f\u0131 var idi. 10 il ail\u0259li olmu\u015fam. Toyda idik, m\u0259n ifa edirdim, o oynay\u0131rd\u0131. Hal\u0131 d\u0259yi\u015fdi. \u018fyl\u0259\u015fdirdik masaya, el\u0259 orda da d\u00fcnyas\u0131n\u0131 d\u0259yi\u015fdi. Aram\u0131zda 22 ya\u015f f\u0259rq var idi. Ya\u015fda h\u0259tta atamdan da b\u00f6y\u00fck idi. Evl\u0259n\u0259nd\u0259 m\u0259nim 18 onun 40 ya\u015f\u0131 var idi. M\u0259n onun ikinci ail\u0259si idim&#8221;,- dey\u0259 o bildirib.<\/p>\n","protected":false},"excerpt":{"rendered":"<p>Meyxana\u00e7\u0131-m\u00fc\u011f\u0259nni Samir\u0259 Yusifq\u0131z\u0131 \u015f\u0259xsi h\u0259yat\u0131 bar\u0259d\u0259 maraql\u0131 a\u00e7\u0131qlama verib. Lent.az-\u0131n\u00a0x\u0259b\u0259rin\u0259\u00a0g\u00f6r\u0259, o qat\u0131ld\u0131\u011f\u0131 proqramlardan birind\u0259 ail\u0259 h\u0259yat\u0131ndan b\u0259hs edib. &#8220;Yolda\u015f\u0131m r\u0259hm\u0259t\u0259 ged\u0259nd\u0259 q\u0131z\u0131m\u0131n alt\u0131, o\u011flumun s\u0259kkiz ya\u015f\u0131 var idi. 10 il ail\u0259li olmu\u015fam. Toyda idik, m\u0259n ifa edirdim, o oynay\u0131rd\u0131. Hal\u0131 d\u0259yi\u015fdi. \u018fyl\u0259\u015fdirdik masaya, el\u0259 orda da d\u00fcnyas\u0131n\u0131 d\u0259yi\u015fdi. Aram\u0131zda 22 ya\u015f f\u0259rq var idi. Ya\u015fda &hellip;<\/p>\n","protected":false},"author":1,"featured_media":9634,"comment_status":"open","ping_status":"closed","sticky":false,"template":"","format":"standard","meta":{"footnotes":""},"categories":[6],"tags":[],"class_list":["post-9633","post","type-post","status-publish","format-standard","has-post-thumbnail","hentry","category-maqazin"],"_links":{"self":[{"href":"https:\/\/millitv.net\/index.php?rest_route=\/wp\/v2\/posts\/9633","targetHints":{"allow":["GET"]}}],"collection":[{"href":"https:\/\/millitv.net\/index.php?rest_route=\/wp\/v2\/posts"}],"about":[{"href":"https:\/\/millitv.net\/index.php?rest_route=\/wp\/v2\/types\/post"}],"author":[{"embeddable":true,"href":"https:\/\/millitv.net\/index.php?rest_route=\/wp\/v2\/users\/1"}],"replies":[{"embeddable":true,"href":"https:\/\/millitv.net\/index.php?rest_route=%2Fwp%2Fv2%2Fcomments&post=9633"}],"version-history":[{"count":0,"href":"https:\/\/millitv.net\/index.php?rest_route=\/wp\/v2\/posts\/9633\/revisions"}],"wp:featuredmedia":[{"embeddable":true,"href":"https:\/\/millitv.net\/index.php?rest_route=\/wp\/v2\/media\/9634"}],"wp:attachment":[{"href":"https:\/\/millitv.net\/index.php?rest_route=%2Fwp%2Fv2%2Fmedia&parent=9633"}],"wp:term":[{"taxonomy":"category","embeddable":true,"href":"https:\/\/millitv.net\/index.php?rest_route=%2Fwp%2Fv2%2Fcategories&post=9633"},{"taxonomy":"post_tag","embeddable":true,"href":"https:\/\/millitv.net\/index.php?rest_route=%2Fwp%2Fv2%2Ftags&post=9633"}],"curies":[{"name":"wp","href":"https:\/\/api.w.org\/{rel}","templated":true}]}}