{"id":9623,"date":"2024-01-31T12:18:39","date_gmt":"2024-01-31T12:18:39","guid":{"rendered":"https:\/\/millinews.az\/?p=9623"},"modified":"2024-01-31T12:18:40","modified_gmt":"2024-01-31T12:18:40","slug":"onlari-ancaq-bu-q%C9%99d%C9%99r-aldada-bildim","status":"publish","type":"post","link":"https:\/\/millitv.net\/?p=9623","title":{"rendered":"&#8220;Onlar\u0131 ancaq bu q\u0259d\u0259r aldada bildim&#8221;"},"content":{"rendered":"\n<p>X\u0259b\u0259r\u00a0verdiyimiz kimi, &#8220;Maska&#8221; \u015fousunda &#8220;Nar&#8221; obraz\u0131 il\u0259 \u00e7\u0131x\u0131\u015f ed\u0259n tan\u0131nm\u0131\u015f\u0131n a\u015f\u0131q Samir\u0259 \u018fliyeva oldu\u011fu ortaya \u00e7\u0131x\u0131b.<\/p>\n\n\n\n<p>Ax\u015fam.az-\u0131n m\u0259lumat\u0131na g\u00f6r\u0259, s\u0259n\u0259t\u00e7i \u015foudak\u0131 i\u015ftirak\u0131 il\u0259 ba\u011fl\u0131 t\u0259\u0259ss\u00fcratlar\u0131n\u0131 b\u00f6l\u00fc\u015f\u00fcb.<\/p>\n\n\n\n<p>&#8220;Bu da son. \u00c7ox \u00e7al\u0131\u015fd\u0131m ki, m\u0259ni apar\u0131c\u0131, aktrisa hesab etsinl\u0259r. Ancaq dedektivl\u0259ri bu q\u0259d\u0259r aldada bildim, yar\u0131mfinalda yaxaland\u0131m. A\u015f\u0131q s\u0259n\u0259tinin n\u00fcmay\u0259nd\u0259si olaraq bu b\u00f6y\u00fck \u015fouda f\u0259rqliliyimi inqilab hesab edir\u0259m. Say\u0259nizd\u0259 \u00e7ox h\u0259y\u0259canl\u0131 s\u0259hn\u0259 h\u0259yat\u0131 ya\u015fad\u0131m&#8221; dey\u0259, Samir\u0259 payla\u015f\u0131m\u0131nda bildirib.<\/p>\n\n\n\n<p>Qeyd ed\u0259k ki, \u015fouda m\u00fcnsif k\u00fcrs\u00fcs\u00fcnd\u0259 Xalq artisti Faiq A\u011fayev, \u018fm\u0259kdar artist Co\u015fqun R\u0259himov, m\u00fc\u011f\u0259nnil\u0259r Murad Arif v\u0259 Nigar Camal, apar\u0131c\u0131 Kamil\u0259 Babayeva oturub.<\/p>\n","protected":false},"excerpt":{"rendered":"<p>X\u0259b\u0259r\u00a0verdiyimiz kimi, &#8220;Maska&#8221; \u015fousunda &#8220;Nar&#8221; obraz\u0131 il\u0259 \u00e7\u0131x\u0131\u015f ed\u0259n tan\u0131nm\u0131\u015f\u0131n a\u015f\u0131q Samir\u0259 \u018fliyeva oldu\u011fu ortaya \u00e7\u0131x\u0131b. Ax\u015fam.az-\u0131n m\u0259lumat\u0131na g\u00f6r\u0259, s\u0259n\u0259t\u00e7i \u015foudak\u0131 i\u015ftirak\u0131 il\u0259 ba\u011fl\u0131 t\u0259\u0259ss\u00fcratlar\u0131n\u0131 b\u00f6l\u00fc\u015f\u00fcb. &#8220;Bu da son. \u00c7ox \u00e7al\u0131\u015fd\u0131m ki, m\u0259ni apar\u0131c\u0131, aktrisa hesab etsinl\u0259r. Ancaq dedektivl\u0259ri bu q\u0259d\u0259r aldada bildim, yar\u0131mfinalda yaxaland\u0131m. A\u015f\u0131q s\u0259n\u0259tinin n\u00fcmay\u0259nd\u0259si olaraq bu b\u00f6y\u00fck \u015fouda f\u0259rqliliyimi inqilab hesab &hellip;<\/p>\n","protected":false},"author":1,"featured_media":9624,"comment_status":"open","ping_status":"closed","sticky":false,"template":"","format":"standard","meta":{"footnotes":""},"categories":[6],"tags":[],"class_list":["post-9623","post","type-post","status-publish","format-standard","has-post-thumbnail","hentry","category-maqazin"],"_links":{"self":[{"href":"https:\/\/millitv.net\/index.php?rest_route=\/wp\/v2\/posts\/9623","targetHints":{"allow":["GET"]}}],"collection":[{"href":"https:\/\/millitv.net\/index.php?rest_route=\/wp\/v2\/posts"}],"about":[{"href":"https:\/\/millitv.net\/index.php?rest_route=\/wp\/v2\/types\/post"}],"author":[{"embeddable":true,"href":"https:\/\/millitv.net\/index.php?rest_route=\/wp\/v2\/users\/1"}],"replies":[{"embeddable":true,"href":"https:\/\/millitv.net\/index.php?rest_route=%2Fwp%2Fv2%2Fcomments&post=9623"}],"version-history":[{"count":0,"href":"https:\/\/millitv.net\/index.php?rest_route=\/wp\/v2\/posts\/9623\/revisions"}],"wp:featuredmedia":[{"embeddable":true,"href":"https:\/\/millitv.net\/index.php?rest_route=\/wp\/v2\/media\/9624"}],"wp:attachment":[{"href":"https:\/\/millitv.net\/index.php?rest_route=%2Fwp%2Fv2%2Fmedia&parent=9623"}],"wp:term":[{"taxonomy":"category","embeddable":true,"href":"https:\/\/millitv.net\/index.php?rest_route=%2Fwp%2Fv2%2Fcategories&post=9623"},{"taxonomy":"post_tag","embeddable":true,"href":"https:\/\/millitv.net\/index.php?rest_route=%2Fwp%2Fv2%2Ftags&post=9623"}],"curies":[{"name":"wp","href":"https:\/\/api.w.org\/{rel}","templated":true}]}}