{"id":9602,"date":"2024-08-04T19:48:00","date_gmt":"2024-08-04T19:48:00","guid":{"rendered":"https:\/\/millinews.az\/?p=9602"},"modified":"2024-08-07T05:37:50","modified_gmt":"2024-08-07T05:37:50","slug":"az%C9%99rbaycan-telem%C9%99kanina-aciq-saciq-geyimi-m%C9%99n-g%C9%99tirmis%C9%99m-taninmis-aparici-foto","status":"publish","type":"post","link":"https:\/\/millitv.net\/?p=9602","title":{"rendered":"\u201cAz\u0259rbaycan telem\u0259kan\u0131na a\u00e7\u0131q-sa\u00e7\u0131q geyimi m\u0259n g\u0259tirmi\u015f\u0259m\u201d &#8211;\u00a0Tan\u0131nm\u0131\u015f apar\u0131c\u0131 \/ FOTO"},"content":{"rendered":"\n<p><strong>Apar\u0131c\u0131 L\u0259taf\u0259t \u018fl\u0259kb\u0259rova iddial\u0131 a\u00e7\u0131qlamas\u0131 il\u0259 g\u00fcnd\u0259m\u0259 g\u0259lib.<\/strong><\/p>\n\n\n\n<p>Millinews.az\u00a0x\u0259b\u0259r verir ki, \u201cX\u0259b\u0259rin var?\u201d verili\u015find\u0259 qonaq olan apar\u0131c\u0131 telem\u0259kana apar\u0131c\u0131lar aras\u0131nda a\u00e7\u0131q-sa\u00e7\u0131ql\u0131\u011f\u0131 g\u0259tirdiyini bildirib:<\/p>\n\n\n\n<p>\u201c20-li ya\u015flar\u0131mda q\u0131sa \u0259t\u0259kl\u0259r, dekolteli k\u00f6yn\u0259kl\u0259r geyinirdi. O vaxt magistraturada oxuyurdum. H\u0259l\u0259 he\u00e7 k\u0259s buna c\u0259sar\u0259t etmirdi. Amma bu c\u00fcr geyiml\u0259r m\u0259n\u0259 yara\u015f\u0131rd\u0131, 57 kilo idim. Az\u0259rbaycan telem\u0259kan\u0131na a\u00e7\u0131q-sa\u00e7\u0131q geyiml\u0259ri m\u0259n g\u0259tirmi\u015f\u0259m. \u0130zl\u0259yicil\u0259r d\u0259 bunu normal qar\u015f\u0131lay\u0131rd\u0131, o vaxt sosial \u015f\u0259b\u0259k\u0259l\u0259r yox idi\u201d.<\/p>\n\n\n\n<p><\/p>\n\n\n\n<figure class=\"wp-block-image\"><a href=\"https:\/\/Millinews.az\/images\/metbuat\/images_d\/1491222_0.jpg\" target=\"_blank\" rel=\"noopener\"><img decoding=\"async\" src=\"https:\/\/Millinews.az\/images\/metbuat\/images_d\/1491222_0.jpg\" alt=\"\" title=\"\"><\/a><\/figure>\n\n\n\n<figure class=\"wp-block-image\"><a href=\"https:\/\/Millinews.az\/images\/metbuat\/images_d\/1491222_1.jpg\" target=\"_blank\" rel=\"noopener\"><img decoding=\"async\" src=\"https:\/\/Millinews.az\/images\/metbuat\/images_d\/1491222_1.jpg\" alt=\"\" title=\"\"><\/a><\/figure>\n","protected":false},"excerpt":{"rendered":"<p>Apar\u0131c\u0131 L\u0259taf\u0259t \u018fl\u0259kb\u0259rova iddial\u0131 a\u00e7\u0131qlamas\u0131 il\u0259 g\u00fcnd\u0259m\u0259 g\u0259lib. Millinews.az\u00a0x\u0259b\u0259r verir ki, \u201cX\u0259b\u0259rin var?\u201d verili\u015find\u0259 qonaq olan apar\u0131c\u0131 telem\u0259kana apar\u0131c\u0131lar aras\u0131nda a\u00e7\u0131q-sa\u00e7\u0131ql\u0131\u011f\u0131 g\u0259tirdiyini bildirib: \u201c20-li ya\u015flar\u0131mda q\u0131sa \u0259t\u0259kl\u0259r, dekolteli k\u00f6yn\u0259kl\u0259r geyinirdi. O vaxt magistraturada oxuyurdum. H\u0259l\u0259 he\u00e7 k\u0259s buna c\u0259sar\u0259t etmirdi. Amma bu c\u00fcr geyiml\u0259r m\u0259n\u0259 yara\u015f\u0131rd\u0131, 57 kilo idim. Az\u0259rbaycan telem\u0259kan\u0131na a\u00e7\u0131q-sa\u00e7\u0131q geyiml\u0259ri m\u0259n g\u0259tirmi\u015f\u0259m. &hellip;<\/p>\n","protected":false},"author":1,"featured_media":9600,"comment_status":"open","ping_status":"closed","sticky":false,"template":"","format":"standard","meta":{"footnotes":""},"categories":[6],"tags":[],"class_list":["post-9602","post","type-post","status-publish","format-standard","has-post-thumbnail","hentry","category-maqazin"],"_links":{"self":[{"href":"https:\/\/millitv.net\/index.php?rest_route=\/wp\/v2\/posts\/9602","targetHints":{"allow":["GET"]}}],"collection":[{"href":"https:\/\/millitv.net\/index.php?rest_route=\/wp\/v2\/posts"}],"about":[{"href":"https:\/\/millitv.net\/index.php?rest_route=\/wp\/v2\/types\/post"}],"author":[{"embeddable":true,"href":"https:\/\/millitv.net\/index.php?rest_route=\/wp\/v2\/users\/1"}],"replies":[{"embeddable":true,"href":"https:\/\/millitv.net\/index.php?rest_route=%2Fwp%2Fv2%2Fcomments&post=9602"}],"version-history":[{"count":1,"href":"https:\/\/millitv.net\/index.php?rest_route=\/wp\/v2\/posts\/9602\/revisions"}],"predecessor-version":[{"id":14041,"href":"https:\/\/millitv.net\/index.php?rest_route=\/wp\/v2\/posts\/9602\/revisions\/14041"}],"wp:featuredmedia":[{"embeddable":true,"href":"https:\/\/millitv.net\/index.php?rest_route=\/wp\/v2\/media\/9600"}],"wp:attachment":[{"href":"https:\/\/millitv.net\/index.php?rest_route=%2Fwp%2Fv2%2Fmedia&parent=9602"}],"wp:term":[{"taxonomy":"category","embeddable":true,"href":"https:\/\/millitv.net\/index.php?rest_route=%2Fwp%2Fv2%2Fcategories&post=9602"},{"taxonomy":"post_tag","embeddable":true,"href":"https:\/\/millitv.net\/index.php?rest_route=%2Fwp%2Fv2%2Ftags&post=9602"}],"curies":[{"name":"wp","href":"https:\/\/api.w.org\/{rel}","templated":true}]}}