{"id":9556,"date":"2024-01-29T19:07:20","date_gmt":"2024-01-29T19:07:20","guid":{"rendered":"https:\/\/millinews.az\/?p=9556"},"modified":"2024-01-29T19:07:21","modified_gmt":"2024-01-29T19:07:21","slug":"z%C9%99lz%C9%99l%C9%99-il%C9%99-bagli-ehalinin-nezerine-bakinin-bu-%C9%99razil%C9%99rind%C9%99-aciqlama","status":"publish","type":"post","link":"https:\/\/millitv.net\/?p=9556","title":{"rendered":"Z\u0259lz\u0259l\u0259 il\u0259 ba\u011fl\u0131 \u018fHAL\u0130N\u0130N N\u018fZ\u018fR\u0130N\u018f: Bak\u0131n\u0131n bu \u0259razil\u0259rind\u0259&#8230; &#8211; A\u00c7IQLAMA"},"content":{"rendered":"\n<p><strong>Seysmoloqlar\u0131n proqnozlar\u0131na \u0259sas\u0259n, bu il Az\u0259rbaycanda g\u00fccl\u00fc z\u0259lz\u0259l\u0259l\u0259rin ba\u015f verm\u0259si lab\u00fcdd\u00fcr. Bu c\u0259h\u0259td\u0259n Bak\u0131n\u0131n hans\u0131 \u0259razil\u0259ri t\u0259hl\u00fck\u0259li zona hesab olunur?<\/strong><\/p>\n\n\n\n<p>Geologiya v\u0259 Geofizika \u0130nstitutunun \u015f\u00f6b\u0259 m\u00fcdiri Qulam Babayev m\u0259s\u0259l\u0259 il\u0259 ba\u011fl\u0131 fikirl\u0259rini \u201cYeni Sabah\u201dla b\u00f6l\u00fc\u015f\u00fcb.<\/p>\n\n\n\n<p>Onun s\u00f6zl\u0259rin\u0259 g\u00f6r\u0259, hiss olunan z\u0259lz\u0259l\u0259l\u0259r 15-20 il davam ed\u0259c\u0259k:<\/p>\n\n\n\n<p>\u201c2024-c\u00fc ilin \u0259vv\u0259lind\u0259 d\u0259 qeyd etdiyim kimi, bu il h\u0259m d\u00fcnya miqyas\u0131nda, h\u0259m d\u0259 \u00f6lk\u0259mizd\u0259 seysmik-tektonik superaktivlik m\u00fc\u015fahid\u0259 olunacaq. Amma Bak\u0131da g\u00fccl\u00fc z\u0259lz\u0259l\u0259nin g\u00f6zl\u0259nilm\u0259si il\u0259 ba\u011fl\u0131 suala cavab verm\u0259k \u00e7\u0259tindir. D\u00fcnya seysmologiyas\u0131nda 3 tip z\u0259lz\u0259l\u0259 proqnozu m\u00f6vcuddur: q\u0131sa m\u00fcdd\u0259tli, orta m\u00fcdd\u0259tli v\u0259 uzun m\u00fcdd\u0259tli. Q\u0131sam\u00fcdd\u0259tli z\u0259lz\u0259l\u0259nin g\u00fcc\u00fc, zaman\u0131 v\u0259 d\u0259rinliyi haqda \u0259vv\u0259lc\u0259d\u0259n m\u0259lumat verm\u0259k m\u00fcmk\u00fcn deyil.<\/p>\n\n\n\n<p>Orta v\u0259 uzun m\u00fcdd\u0259tli z\u0259lz\u0259l\u0259 bar\u0259d\u0259 proqnoz verm\u0259k olar. Q\u0131sa m\u00fcdd\u0259tli z\u0259lz\u0259l\u0259 il\u0259 \u0259laq\u0259li is\u0259 ehtimal olaraq n\u0259 is\u0259 deyil\u0259 bil\u0259r.<\/p>\n\n\n\n<p>Kateqoriyas\u0131na g\u00f6r\u0259 z\u0259lz\u0259l\u0259l\u0259r hiss olunan, hiss olunmayan v\u0259 katastrofik n\u00f6vl\u0259r\u0259 ayr\u0131l\u0131r. M\u0259n h\u0259mi\u015f\u0259 qeydl\u0259rimi hiss olunan z\u0259lz\u0259l\u0259l\u0259r \u00fczr\u0259 aparm\u0131\u015fam. Bu il Az\u0259rbaycanda hiss olunan z\u0259lz\u0259l\u0259 qa\u00e7\u0131lmazd\u0131r. \u00c7\u00fcnki 2023-c\u00fc ild\u0259 ba\u015f ver\u0259n seysmik-tektonik aktivliyin t\u0259hlili bunu g\u00f6st\u0259rir. Biz d\u00f6vr\u00fcl\u00fck m\u00fcdd\u0259tini ya\u015fay\u0131r\u0131q v\u0259 bu, 15-20 ili \u0259hat\u0259 edir\u201d.<\/p>\n\n\n\n<p>Seysmoloq paytaxt\u0131n seysmik c\u0259h\u0259td\u0259n t\u0259hl\u00fck\u0259li \u0259razil\u0259rini a\u00e7\u0131qlay\u0131b:<\/p>\n\n\n\n<p>\u201cX\u0259z\u0259r d\u0259nizinin seysmik ocaqlar\u0131 h\u0259r zaman t\u0259hl\u00fck\u0259 m\u0259nb\u0259yidir. Bu, seysmik v\u0259 tektonik c\u0259h\u0259td\u0259n m\u00fcr\u0259kk\u0259b zonad\u0131r. Bir ne\u00e7\u0259 tektonik pozulmalar\u0131n, q\u0131r\u0131lma v\u0259 q\u0131r\u0131\u015f\u0131ql\u0131qlar\u0131n birl\u0259\u015fdiyi \u0259razi X\u0259z\u0259rin d\u0259rinliyind\u0259 yerl\u0259\u015fir. Buna g\u00f6r\u0259 d\u0259 ola bilm\u0259z ki, b\u00fct\u00fcn z\u0259lz\u0259l\u0259 ocaqlar\u0131 oyanan zaman bu yer sakit qals\u0131n. B\u00fct\u00fcn bunlar\u0131 n\u0259z\u0259r\u0259 alanda Bak\u0131 \u015f\u0259h\u0259ri \u00fc\u00e7\u00fcn \u0259n b\u00f6y\u00fck t\u0259hl\u00fck\u0259 el\u0259 X\u0259z\u0259r d\u0259nizi ocaqlar\u0131d\u0131r.<\/p>\n\n\n\n<p>\u015eamax\u0131-\u0130smay\u0131ll\u0131 seysmik zonas\u0131 da Ab\u015feron yar\u0131madas\u0131 \u00fc\u00e7\u00fcn t\u0259hl\u00fck\u0259 m\u0259nb\u0259yidir.<\/p>\n\n\n\n<p>Paytaxt\u0131n hans\u0131 b\u00f6lg\u0259l\u0259rind\u0259 g\u00fccl\u00fc z\u0259lz\u0259l\u0259nin ba\u015f verm\u0259 ehtimal\u0131n\u0131n oldu\u011funu dem\u0259k \u00fc\u00e7\u00fcn ssenari qurulur. Bu m\u0259s\u0259l\u0259 \u00fczr\u0259 Geologiya \u0130nstitutunun seysmologiya v\u0259 seysmik t\u0259hl\u00fck\u0259 \u015f\u00f6b\u0259sind\u0259 bir s\u0131ra t\u0259dqiqatlar apar\u0131l\u0131b. M\u00fcxt\u0259lif yana\u015fmalar\u0131n v\u0259hd\u0259tini r\u0259hb\u0259r tutmaqla, h\u0259min proses h\u0259yata ke\u00e7irilib. Bunun \u0259sas\u0131nda dem\u0259k olar ki, 28 May, Sahilyan\u0131, Elml\u0259r Akademiyas\u0131, Yasamal, Bay\u0131l zonalar\u0131 seysmik aktiv \u0259razil\u0259r hesab olunur. Amma hans\u0131 zonadan as\u0131l\u0131 olmayaraq, Az\u0259rbaycanda bu il hiss olunan z\u0259lz\u0259l\u0259l\u0259rin ba\u015f verm\u0259si g\u00f6zl\u0259nil\u0259ndir\u201d.<\/p>\n","protected":false},"excerpt":{"rendered":"<p>Seysmoloqlar\u0131n proqnozlar\u0131na \u0259sas\u0259n, bu il Az\u0259rbaycanda g\u00fccl\u00fc z\u0259lz\u0259l\u0259l\u0259rin ba\u015f verm\u0259si lab\u00fcdd\u00fcr. Bu c\u0259h\u0259td\u0259n Bak\u0131n\u0131n hans\u0131 \u0259razil\u0259ri t\u0259hl\u00fck\u0259li zona hesab olunur? Geologiya v\u0259 Geofizika \u0130nstitutunun \u015f\u00f6b\u0259 m\u00fcdiri Qulam Babayev m\u0259s\u0259l\u0259 il\u0259 ba\u011fl\u0131 fikirl\u0259rini \u201cYeni Sabah\u201dla b\u00f6l\u00fc\u015f\u00fcb. Onun s\u00f6zl\u0259rin\u0259 g\u00f6r\u0259, hiss olunan z\u0259lz\u0259l\u0259l\u0259r 15-20 il davam ed\u0259c\u0259k: \u201c2024-c\u00fc ilin \u0259vv\u0259lind\u0259 d\u0259 qeyd etdiyim kimi, bu il h\u0259m &hellip;<\/p>\n","protected":false},"author":1,"featured_media":9557,"comment_status":"open","ping_status":"closed","sticky":false,"template":"","format":"standard","meta":{"footnotes":""},"categories":[9],"tags":[],"class_list":["post-9556","post","type-post","status-publish","format-standard","has-post-thumbnail","hentry","category-xeber"],"_links":{"self":[{"href":"https:\/\/millitv.net\/index.php?rest_route=\/wp\/v2\/posts\/9556","targetHints":{"allow":["GET"]}}],"collection":[{"href":"https:\/\/millitv.net\/index.php?rest_route=\/wp\/v2\/posts"}],"about":[{"href":"https:\/\/millitv.net\/index.php?rest_route=\/wp\/v2\/types\/post"}],"author":[{"embeddable":true,"href":"https:\/\/millitv.net\/index.php?rest_route=\/wp\/v2\/users\/1"}],"replies":[{"embeddable":true,"href":"https:\/\/millitv.net\/index.php?rest_route=%2Fwp%2Fv2%2Fcomments&post=9556"}],"version-history":[{"count":0,"href":"https:\/\/millitv.net\/index.php?rest_route=\/wp\/v2\/posts\/9556\/revisions"}],"wp:featuredmedia":[{"embeddable":true,"href":"https:\/\/millitv.net\/index.php?rest_route=\/wp\/v2\/media\/9557"}],"wp:attachment":[{"href":"https:\/\/millitv.net\/index.php?rest_route=%2Fwp%2Fv2%2Fmedia&parent=9556"}],"wp:term":[{"taxonomy":"category","embeddable":true,"href":"https:\/\/millitv.net\/index.php?rest_route=%2Fwp%2Fv2%2Fcategories&post=9556"},{"taxonomy":"post_tag","embeddable":true,"href":"https:\/\/millitv.net\/index.php?rest_route=%2Fwp%2Fv2%2Ftags&post=9556"}],"curies":[{"name":"wp","href":"https:\/\/api.w.org\/{rel}","templated":true}]}}