{"id":9487,"date":"2024-01-28T16:49:49","date_gmt":"2024-01-28T16:49:49","guid":{"rendered":"https:\/\/millinews.az\/?p=9487"},"modified":"2024-01-28T16:49:51","modified_gmt":"2024-01-28T16:49:51","slug":"bu-da-tacirin-h%C9%99r-k%C9%99sd%C9%99n-gizl%C9%99tdiyi-gozel-qizi-foto","status":"publish","type":"post","link":"https:\/\/millitv.net\/?p=9487","title":{"rendered":"Bu da Tacirin h\u0259r k\u0259sd\u0259n gizl\u0259tdiyi\u00a0G\u00d6Z\u018fL QIZI\u00a0 &#8211;\u00a0FOTO"},"content":{"rendered":"\n<p><strong>M\u00fc\u011f\u0259nni Tacir \u015eahmal\u0131o\u011flu ail\u0259sini son d\u00f6n\u0259ml\u0259r mediyadan \u00e7ox da gizli saxlama\u011f\u0131 qar\u015f\u0131ya m\u0259qs\u0259d qoymayan m\u0259\u015fhurlarda olsa da, s\u0259n\u0259t\u00e7i q\u0131z \u00f6vlad\u0131n\u0131 efirl\u0259rd\u0259n uzaq tutmas\u0131 il\u0259 diqq\u0259t \u00e7\u0259kib.<\/strong> <\/p>\n\n\n\n<p>Millinews.az x\u0259b\u0259r verir ki, titul.az\u00a0tez-tez art\u0131\u0131q efirl\u0259rd\u0259 g\u00f6r\u00fcnm\u0259y\u0259 ba\u015flayan Tacirin o\u011flu \u015eahmal\u0131dan f\u0259rqli olaraq q\u0131z \u00f6vlad\u0131n\u0131n da b\u0259zi sosial \u015f\u0259b\u0259k\u0259l\u0259rd\u0259 yay\u0131lan fotolar\u0131n\u0131 \u0259ld\u0259 edib.<\/p>\n\n\n\n<h4 class=\"wp-block-heading\">M\u0259qal\u0259y\u0259 dair fotomaterial:<\/h4>\n\n\n\n<ul class=\"wp-block-list\">\n<li>&nbsp;<\/li>\n\n\n\n<li><img decoding=\"async\" alt=\"\" src=\"https:\/\/img.milli.az\/2024\/01\/28\/1178753.jpg\" title=\"\"><\/li>\n<\/ul>\n","protected":false},"excerpt":{"rendered":"<p>M\u00fc\u011f\u0259nni Tacir \u015eahmal\u0131o\u011flu ail\u0259sini son d\u00f6n\u0259ml\u0259r mediyadan \u00e7ox da gizli saxlama\u011f\u0131 qar\u015f\u0131ya m\u0259qs\u0259d qoymayan m\u0259\u015fhurlarda olsa da, s\u0259n\u0259t\u00e7i q\u0131z \u00f6vlad\u0131n\u0131 efirl\u0259rd\u0259n uzaq tutmas\u0131 il\u0259 diqq\u0259t \u00e7\u0259kib. Millinews.az x\u0259b\u0259r verir ki, titul.az\u00a0tez-tez art\u0131\u0131q efirl\u0259rd\u0259 g\u00f6r\u00fcnm\u0259y\u0259 ba\u015flayan Tacirin o\u011flu \u015eahmal\u0131dan f\u0259rqli olaraq q\u0131z \u00f6vlad\u0131n\u0131n da b\u0259zi sosial \u015f\u0259b\u0259k\u0259l\u0259rd\u0259 yay\u0131lan fotolar\u0131n\u0131 \u0259ld\u0259 edib. M\u0259qal\u0259y\u0259 dair fotomaterial: &nbsp;<\/p>\n","protected":false},"author":1,"featured_media":9488,"comment_status":"open","ping_status":"closed","sticky":false,"template":"","format":"standard","meta":{"footnotes":""},"categories":[6],"tags":[],"class_list":["post-9487","post","type-post","status-publish","format-standard","has-post-thumbnail","hentry","category-maqazin"],"_links":{"self":[{"href":"https:\/\/millitv.net\/index.php?rest_route=\/wp\/v2\/posts\/9487","targetHints":{"allow":["GET"]}}],"collection":[{"href":"https:\/\/millitv.net\/index.php?rest_route=\/wp\/v2\/posts"}],"about":[{"href":"https:\/\/millitv.net\/index.php?rest_route=\/wp\/v2\/types\/post"}],"author":[{"embeddable":true,"href":"https:\/\/millitv.net\/index.php?rest_route=\/wp\/v2\/users\/1"}],"replies":[{"embeddable":true,"href":"https:\/\/millitv.net\/index.php?rest_route=%2Fwp%2Fv2%2Fcomments&post=9487"}],"version-history":[{"count":0,"href":"https:\/\/millitv.net\/index.php?rest_route=\/wp\/v2\/posts\/9487\/revisions"}],"wp:featuredmedia":[{"embeddable":true,"href":"https:\/\/millitv.net\/index.php?rest_route=\/wp\/v2\/media\/9488"}],"wp:attachment":[{"href":"https:\/\/millitv.net\/index.php?rest_route=%2Fwp%2Fv2%2Fmedia&parent=9487"}],"wp:term":[{"taxonomy":"category","embeddable":true,"href":"https:\/\/millitv.net\/index.php?rest_route=%2Fwp%2Fv2%2Fcategories&post=9487"},{"taxonomy":"post_tag","embeddable":true,"href":"https:\/\/millitv.net\/index.php?rest_route=%2Fwp%2Fv2%2Ftags&post=9487"}],"curies":[{"name":"wp","href":"https:\/\/api.w.org\/{rel}","templated":true}]}}