{"id":9461,"date":"2024-01-28T11:43:13","date_gmt":"2024-01-28T11:43:13","guid":{"rendered":"https:\/\/millinews.az\/?p=9461"},"modified":"2024-01-28T11:43:14","modified_gmt":"2024-01-28T11:43:14","slug":"m%C9%99h%C9%99bb%C9%99t-kazimovun-oglu-atasindan-danisdi-en-boyuk-arzusu-lacina-getm%C9%99k-idi","status":"publish","type":"post","link":"https:\/\/millitv.net\/?p=9461","title":{"rendered":"M\u0259h\u0259bb\u0259t Kaz\u0131movun o\u011flu atas\u0131ndan dan\u0131\u015fd\u0131: &#8220;\u018fn b\u00f6y\u00fck arzusu La\u00e7\u0131na getm\u0259k idi&#8221;"},"content":{"rendered":"\n<p>Bu g\u00fcn \u018fm\u0259kdar artist M\u0259h\u0259bb\u0259t Kaz\u0131movun an\u0131m g\u00fcn\u00fcd\u00fcr. O, 2014-c\u00fc ilin bu g\u00fcn\u00fcnd\u0259 v\u0259fat edib.<\/p>\n\n\n\n<p>M\u0259h\u0259bb\u0259t Kaz\u0131mov Az\u0259rbaycan milli musiqisi janr\u0131nda bir \u00e7ox tan\u0131nm\u0131\u015f mahn\u0131 v\u0259 mu\u011famlar\u0131n m\u00fc\u0259llifi , &#8220;La\u00e7\u0131n&#8221; instrumental ansambl\u0131n\u0131n r\u0259hb\u0259ri olub. Onun s\u0259sl\u0259ndirdiyi &#8220;La\u00e7\u0131n\u0131m&#8221; mahn\u0131s\u0131 dill\u0259r \u0259zb\u0259ridir.<\/p>\n\n\n\n<p>M\u0259rhum s\u0259n\u0259tkar\u0131n an\u0131m g\u00fcn\u00fc il\u0259 \u0259laq\u0259dar Modern.az onun o\u011flu R\u0259\u015fid Kaz\u0131movla \u0259laq\u0259 saxlay\u0131b.<\/p>\n\n\n\n<p>O bu g\u00fcn ail\u0259si il\u0259 birlikd\u0259 atas\u0131n\u0131n m\u0259zar\u0131n\u0131 ziyar\u0259t etdiyini deyib:<\/p>\n\n\n\n<p>&#8220;Art\u0131q atam\u0131n v\u0259fat\u0131ndan 10 il ke\u00e7ir. Bu g\u00fcn ail\u0259mizl\u0259 m\u0259zar\u0131n\u0131 ziyar\u0259t etdik. Az \u00f6nc\u0259 q\u0259bir \u00fcst\u00fcnd\u0259 idik. Bax\u0131r\u0131q, sanki d\u00fcn\u0259n olmu\u015f kimi hiss edirik. Onu ziyar\u0259t\u0259 atam\u0131n s\u0259n\u0259t yolda\u015flar\u0131, ba\u015fqa qohumlar\u0131m\u0131z da g\u0259lmi\u015fdi. Evd\u0259, i\u015f yerimizd\u0259 ehsan s\u00fcfr\u0259si a\u00e7d\u0131q. Atam\u0131 yad ed\u0259n t\u0259kc\u0259 \u00f6vladlar\u0131, yax\u0131nlar\u0131 deyil, h\u0259m d\u0259 onu sev\u0259n p\u0259r\u0259sti\u015fkarlar\u0131d\u0131r.<\/p>\n\n\n\n<p>2014-c\u00fc ilin yanvar\u0131n 27-d\u0259 t\u0259kc\u0259 ail\u0259miz \u00fc\u00e7\u00fcn deyil, b\u00fct\u00fcn M\u0259h\u0259bb\u0259ti sev\u0259nl\u0259r \u00fc\u00e7\u00fcn \u00e7ox \u00e7\u0259tin oldu. Atam X\u0131rdalan q\u0259biristanl\u0131\u011f\u0131nda d\u0259fn olunub. Yad\u0131mdad\u0131r ki, d\u0259fn zaman\u0131 onun \u00f6l\u00fcm\u00fcn\u00fc e\u015fid\u0259nl\u0259r ma\u015f\u0131nlar\u0131, avtobuslar\u0131 saxlay\u0131b d\u0259fn\u0259 g\u0259lmi\u015fdil\u0259r. \u00c7ox sevilirdi. Atam g\u00f6z\u0259l ail\u0259 ba\u015f\u00e7\u0131s\u0131 idi. Zaman\u0131 olduqca \u00e7al\u0131\u015f\u0131rd\u0131 ki, biziml\u0259 vaxt ke\u00e7irsin. S\u0259rt xarakterli insan olsa da, eyni zamanda \u00e7ox s\u0259mimi insan idi&#8221;.<\/p>\n\n\n\n<p>M\u0259rhum s\u0259n\u0259tkar\u0131n o\u011flu atas\u0131n\u0131n \u0259n b\u00f6y\u00fck arzusundan dan\u0131\u015f\u0131b:<\/p>\n\n\n\n<p>&#8220;M\u0259nc\u0259, atam\u0131n \u0259n b\u00f6y\u00fck arzusu La\u00e7\u0131na getm\u0259k idi. O, \u00f6m\u00fcr boyu b\u00fct\u00f6v Az\u0259rbaycan, Qaraba\u011f haqq\u0131nda d\u00fc\u015f\u00fcn\u00fcb. V\u0259t\u0259nsev\u0259r bir insan idi. La\u00e7\u0131na getm\u0259yi \u00e7ox ist\u0259yirdi. La\u00e7\u0131nla ba\u011fl\u0131 xatir\u0259l\u0259ri yad\u0131na d\u00fc\u015f\u0259nd\u0259, k\u00f6vr\u0259lirdi&#8221;.<\/p>\n\n\n\n<p>R\u0259\u015fid Kaz\u0131mov bildirib ki, o da La\u00e7\u0131na k\u00f6\u00e7\u00fcb orada ya\u015famaq ist\u0259yir:<\/p>\n\n\n\n<p>&#8220;N\u0259sil-k\u00f6k\u00fcm\u00fcz ora ged\u0259c\u0259k. M\u0259n burada t\u0259k qala bilm\u0259r\u0259m. \u00d6z\u00fcm\u00fcn d\u0259 \u0259n b\u00f6y\u00fck ist\u0259yidir ki, gedib oralarda ya\u015fay\u0131m&#8221;.<\/p>\n","protected":false},"excerpt":{"rendered":"<p>Bu g\u00fcn \u018fm\u0259kdar artist M\u0259h\u0259bb\u0259t Kaz\u0131movun an\u0131m g\u00fcn\u00fcd\u00fcr. O, 2014-c\u00fc ilin bu g\u00fcn\u00fcnd\u0259 v\u0259fat edib. M\u0259h\u0259bb\u0259t Kaz\u0131mov Az\u0259rbaycan milli musiqisi janr\u0131nda bir \u00e7ox tan\u0131nm\u0131\u015f mahn\u0131 v\u0259 mu\u011famlar\u0131n m\u00fc\u0259llifi , &#8220;La\u00e7\u0131n&#8221; instrumental ansambl\u0131n\u0131n r\u0259hb\u0259ri olub. Onun s\u0259sl\u0259ndirdiyi &#8220;La\u00e7\u0131n\u0131m&#8221; mahn\u0131s\u0131 dill\u0259r \u0259zb\u0259ridir. M\u0259rhum s\u0259n\u0259tkar\u0131n an\u0131m g\u00fcn\u00fc il\u0259 \u0259laq\u0259dar Modern.az onun o\u011flu R\u0259\u015fid Kaz\u0131movla \u0259laq\u0259 saxlay\u0131b. O bu &hellip;<\/p>\n","protected":false},"author":1,"featured_media":9462,"comment_status":"open","ping_status":"closed","sticky":false,"template":"","format":"standard","meta":{"footnotes":""},"categories":[6],"tags":[],"class_list":["post-9461","post","type-post","status-publish","format-standard","has-post-thumbnail","hentry","category-maqazin"],"_links":{"self":[{"href":"https:\/\/millitv.net\/index.php?rest_route=\/wp\/v2\/posts\/9461","targetHints":{"allow":["GET"]}}],"collection":[{"href":"https:\/\/millitv.net\/index.php?rest_route=\/wp\/v2\/posts"}],"about":[{"href":"https:\/\/millitv.net\/index.php?rest_route=\/wp\/v2\/types\/post"}],"author":[{"embeddable":true,"href":"https:\/\/millitv.net\/index.php?rest_route=\/wp\/v2\/users\/1"}],"replies":[{"embeddable":true,"href":"https:\/\/millitv.net\/index.php?rest_route=%2Fwp%2Fv2%2Fcomments&post=9461"}],"version-history":[{"count":0,"href":"https:\/\/millitv.net\/index.php?rest_route=\/wp\/v2\/posts\/9461\/revisions"}],"wp:featuredmedia":[{"embeddable":true,"href":"https:\/\/millitv.net\/index.php?rest_route=\/wp\/v2\/media\/9462"}],"wp:attachment":[{"href":"https:\/\/millitv.net\/index.php?rest_route=%2Fwp%2Fv2%2Fmedia&parent=9461"}],"wp:term":[{"taxonomy":"category","embeddable":true,"href":"https:\/\/millitv.net\/index.php?rest_route=%2Fwp%2Fv2%2Fcategories&post=9461"},{"taxonomy":"post_tag","embeddable":true,"href":"https:\/\/millitv.net\/index.php?rest_route=%2Fwp%2Fv2%2Ftags&post=9461"}],"curies":[{"name":"wp","href":"https:\/\/api.w.org\/{rel}","templated":true}]}}