{"id":9457,"date":"2024-01-28T08:24:50","date_gmt":"2024-01-28T08:24:50","guid":{"rendered":"https:\/\/millinews.az\/?p=9457"},"modified":"2024-01-28T08:24:52","modified_gmt":"2024-01-28T08:24:52","slug":"aygun-kazimova-geyimi-ile-heyran-etdi-fotolar","status":"publish","type":"post","link":"https:\/\/millitv.net\/?p=9457","title":{"rendered":"Ayg\u00fcn Kaz\u0131mova GEY\u0130M\u0130 \u0130L\u018f HEYRAN ETD\u0130 &#8211; FOTOLAR"},"content":{"rendered":"\n<p>Xalq artisti Ayg\u00fcn Kaz\u0131mova geyimi il\u0259 g\u00fcnd\u0259m olub.<\/p>\n\n\n\n<p>Millinews.az verir ki, o, &#8220;instagram&#8221; hesab\u0131nda yeni fotolar\u0131n\u0131 payla\u015f\u0131b. S\u0259n\u0259t\u00e7i g\u00f6b\u0259yi a\u00e7\u0131q geyimd\u0259 cazib\u0259dar g\u00f6r\u00fcn\u00fc\u015f\u00fc il\u0259 izl\u0259yicil\u0259rin diqq\u0259tini \u00e7\u0259kib. Payla\u015f\u0131ma xo\u015f s\u00f6zl\u0259r \u00fcnvanlay\u0131blar.<\/p>\n\n\n\n<p>H\u0259min fotolar\u0131 t\u0259qdim edirik:<\/p>\n\n\n\n<figure class=\"wp-block-image\"><img decoding=\"async\" src=\"https:\/\/upload.az\/foto\/arxiv\/Ekran_sekli_2024-01-27_204617.png\" alt=\"Ayg\u00fcn Kaz\u0131mova GEY\u0130M\u0130 \u0130L\u018f HEYRAN ETD\u0130 - FOTOLAR\" title=\"\"><\/figure>\n\n\n\n<figure class=\"wp-block-image\"><img decoding=\"async\" src=\"https:\/\/upload.az\/foto\/arxiv\/Ekran_sekli_2024-01-27_204632.png\" alt=\"Ayg\u00fcn Kaz\u0131mova GEY\u0130M\u0130 \u0130L\u018f HEYRAN ETD\u0130 - FOTOLAR\" title=\"\"><\/figure>\n\n\n\n<figure class=\"wp-block-image\"><img decoding=\"async\" src=\"https:\/\/upload.az\/foto\/arxiv\/Ekran_sekli_2024-01-27_204655.png\" alt=\"Ayg\u00fcn Kaz\u0131mova GEY\u0130M\u0130 \u0130L\u018f HEYRAN ETD\u0130 - FOTOLAR\" title=\"\"><\/figure>\n\n\n\n<figure class=\"wp-block-image\"><img decoding=\"async\" src=\"https:\/\/upload.az\/foto\/arxiv\/Ekran_sekli_2024-01-27_204714.png\" alt=\"Ayg\u00fcn Kaz\u0131mova GEY\u0130M\u0130 \u0130L\u018f HEYRAN ETD\u0130 - FOTOLAR\" title=\"\"><\/figure>\n\n\n\n<figure class=\"wp-block-image\"><img decoding=\"async\" src=\"https:\/\/upload.az\/foto\/arxiv\/Ekran_sekli_2024-01-27_204742.png\" alt=\"Ayg\u00fcn Kaz\u0131mova GEY\u0130M\u0130 \u0130L\u018f HEYRAN ETD\u0130 - FOTOLAR\" title=\"\"><\/figure>\n","protected":false},"excerpt":{"rendered":"<p>Xalq artisti Ayg\u00fcn Kaz\u0131mova geyimi il\u0259 g\u00fcnd\u0259m olub. Millinews.az verir ki, o, &#8220;instagram&#8221; hesab\u0131nda yeni fotolar\u0131n\u0131 payla\u015f\u0131b. S\u0259n\u0259t\u00e7i g\u00f6b\u0259yi a\u00e7\u0131q geyimd\u0259 cazib\u0259dar g\u00f6r\u00fcn\u00fc\u015f\u00fc il\u0259 izl\u0259yicil\u0259rin diqq\u0259tini \u00e7\u0259kib. Payla\u015f\u0131ma xo\u015f s\u00f6zl\u0259r \u00fcnvanlay\u0131blar. H\u0259min fotolar\u0131 t\u0259qdim edirik:<\/p>\n","protected":false},"author":1,"featured_media":9458,"comment_status":"open","ping_status":"closed","sticky":false,"template":"","format":"standard","meta":{"footnotes":""},"categories":[6],"tags":[],"class_list":["post-9457","post","type-post","status-publish","format-standard","has-post-thumbnail","hentry","category-maqazin"],"_links":{"self":[{"href":"https:\/\/millitv.net\/index.php?rest_route=\/wp\/v2\/posts\/9457","targetHints":{"allow":["GET"]}}],"collection":[{"href":"https:\/\/millitv.net\/index.php?rest_route=\/wp\/v2\/posts"}],"about":[{"href":"https:\/\/millitv.net\/index.php?rest_route=\/wp\/v2\/types\/post"}],"author":[{"embeddable":true,"href":"https:\/\/millitv.net\/index.php?rest_route=\/wp\/v2\/users\/1"}],"replies":[{"embeddable":true,"href":"https:\/\/millitv.net\/index.php?rest_route=%2Fwp%2Fv2%2Fcomments&post=9457"}],"version-history":[{"count":0,"href":"https:\/\/millitv.net\/index.php?rest_route=\/wp\/v2\/posts\/9457\/revisions"}],"wp:featuredmedia":[{"embeddable":true,"href":"https:\/\/millitv.net\/index.php?rest_route=\/wp\/v2\/media\/9458"}],"wp:attachment":[{"href":"https:\/\/millitv.net\/index.php?rest_route=%2Fwp%2Fv2%2Fmedia&parent=9457"}],"wp:term":[{"taxonomy":"category","embeddable":true,"href":"https:\/\/millitv.net\/index.php?rest_route=%2Fwp%2Fv2%2Fcategories&post=9457"},{"taxonomy":"post_tag","embeddable":true,"href":"https:\/\/millitv.net\/index.php?rest_route=%2Fwp%2Fv2%2Ftags&post=9457"}],"curies":[{"name":"wp","href":"https:\/\/api.w.org\/{rel}","templated":true}]}}