{"id":9430,"date":"2024-01-27T16:27:47","date_gmt":"2024-01-27T16:27:47","guid":{"rendered":"https:\/\/millinews.az\/?p=9430"},"modified":"2024-01-27T16:28:41","modified_gmt":"2024-01-27T16:28:41","slug":"m%C9%99shur-seysmoloqdan-dehsetli-zelzele-x%C9%99b%C9%99rdarligi-dagidici-olacaq","status":"publish","type":"post","link":"https:\/\/millitv.net\/?p=9430","title":{"rendered":"M\u0259\u015fhur seysmoloqdan D\u018fH\u015e\u018fTL\u0130 Z\u018fLZ\u018fL\u018f x\u0259b\u0259rdarl\u0131\u011f\u0131 &#8211; Da\u011f\u0131d\u0131c\u0131 olacaq"},"content":{"rendered":"\n<p>T\u00fcrkiy\u0259nin \u0130zmir \u015f\u0259h\u0259rinin Menderes rayonunda 5.1 maqnituda g\u00fcc\u00fcnd\u0259 z\u0259lz\u0259l\u0259 olub. Bu bar\u0259d\u0259 F\u0259lak\u0259t v\u0259 F\u00f6vq\u0259lad\u0259 Hallar\u0131n \u0130dar\u0259 Olunmas\u0131 Agentliyi (AFAD) m\u0259lumat yay\u0131b. Qeyd olunub ki, z\u0259lz\u0259l\u0259 Ege d\u0259nizind\u0259 qeyd\u0259 al\u0131n\u0131b. M\u0259lumata g\u00f6r\u0259, z\u0259lz\u0259l\u0259 10-15 saniy\u0259 \u00e7\u0259kib v\u0259 \u0259traf rayonlarda da hiss edilib.<\/p>\n\n\n\n<p>Region uzun m\u00fcdd\u0259tdir aktivdir v\u0259 g\u00fccl\u00fc z\u0259lz\u0259l\u0259 g\u00f6zl\u0259nilir. B\u0259s bu titr\u0259yi\u015f n\u0259d\u0259n x\u0259b\u0259r verir?<\/p>\n\n\n\n<p>Millinews.az x\u0259b\u0259r verir ki, seysmoloq S\u00fcleyman Pampal bununla ba\u011fl\u0131 a\u00e7\u0131qlamalar verib.<\/p>\n\n\n\n<p>O bildirib ki, T\u00fcrkiy\u0259d\u0259 z\u0259lz\u0259l\u0259l\u0259r 7,2 bal g\u00fcc\u00fcnd\u0259n art\u0131q olmur. Bunun s\u0259b\u0259bi is\u0259 odur ki, fay x\u0259tl\u0259ri \u00e7ox tez-tez q\u0131r\u0131l\u0131r:<\/p>\n\n\n\n<figure class=\"wp-block-image\"><img decoding=\"async\" src=\"https:\/\/cdn.musavat.com\/news\/thumbnails\/6e02b3531288f66888b01fd920f5772e.jpg\" alt=\"1067583499_1401532854_1920x0_80.jpg (279 KB)\" title=\"\"><\/figure>\n\n\n\n<p>&#8220;Fay x\u0259tl\u0259ri \u00e7ox par\u00e7alan\u0131b, qab\u0131q daha nazikdir&#8230; Ona g\u00f6r\u0259 d\u0259 bu b\u00f6lg\u0259 T\u00fcrkiy\u0259d\u0259 \u0259n \u00e7ox z\u0259lz\u0259l\u0259 ba\u015f ver\u0259n b\u00f6lg\u0259dir. Amma da\u011f\u0131d\u0131c\u0131 deyil. M\u0259s\u0259l\u0259n, 1688-ci ild\u0259 \u0130zmir tamamil\u0259 da\u011f\u0131ld\u0131 v\u0259 20 min\u0259 yax\u0131n itki oldu. Sonra yan\u011f\u0131n ba\u015f verdi v\u0259 z\u0259lz\u0259l\u0259nin ikinci d\u0259r\u0259c\u0259li t\u0259siri olaraq h\u0259r \u015fey yand\u0131, t\u0259s\u0259rr\u00fcfat da\u011f\u0131ld\u0131. O d\u00f6vrd\u0259 \u0130zmir d\u00fcnyan\u0131n m\u00fch\u00fcm ticar\u0259t limanlar\u0131ndan v\u0259 m\u0259rk\u0259zl\u0259rind\u0259n biri idi. Amma b\u00f6y\u00fck itkil\u0259r verib v\u0259 verm\u0259kd\u0259 davam edir&#8221;.<\/p>\n\n\n\n<p>Seysmoloq qeyd edib ki, Seferihisar Tuzla q\u0131r\u0131lmalar\u0131 da da\u011f\u0131d\u0131c\u0131 z\u0259lz\u0259l\u0259l\u0259r t\u00f6r\u0259tm\u0259k potensial\u0131na malikdir v\u0259 aktivdir:<\/p>\n\n\n\n<p>&#8220;G\u00f6rd\u00fcy\u00fcn\u00fcz kimi, bu g\u00fcn ya\u015fad\u0131\u011f\u0131m\u0131z z\u0259lz\u0259l\u0259 b\u00f6lg\u0259si B\u00f6y\u00fck Menderes qrabeni dediyimiz qraben sistemini meydana g\u0259tir\u0259n q\u0131r\u0131lmalardan birinin d\u0259niz k\u0259nar\u0131nda qopmas\u0131 n\u0259tic\u0259sind\u0259 \u0259m\u0259l\u0259 g\u0259lib. T\u0259\u0259ss\u00fcf ki, \u015fimal-\u015f\u0259rq v\u0259 c\u0259nub-q\u0259rb istiqam\u0259tind\u0259 uzanan Seferihisar Tuzla q\u0131r\u0131lmalar\u0131 da da\u011f\u0131d\u0131c\u0131 z\u0259lz\u0259l\u0259l\u0259r t\u00f6r\u0259tm\u0259k potensial\u0131na malikdir v\u0259 aktivdir.<\/p>\n\n\n\n<p>\u0130zmir k\u00f6rf\u0259zind\u0259n q\u0259rb\u0259 ged\u0259n q\u0131r\u0131lmalar da \u0130zmiri t\u0259hdid edir. 1964-c\u00fc ild\u0259 G\u00f6nen z\u0259lz\u0259l\u0259sind\u0259 6,8 bal g\u00fcc\u00fcnd\u0259 z\u0259lz\u0259l\u0259 olub. Bunlar \u015eimali Anadolu fay\u0131n\u0131n c\u0259nub qolunun davam\u0131 olan faylard\u0131r v\u0259 Q\u0259rbi Anadoluya, y\u0259ni \u00c7anaqqala, Bal\u0131k\u0259sir, Manisa, Ayd\u0131n, \u0130zmir, Ayd\u0131n, Mu\u011fla, D\u0259nizli v\u0259 Antalyaya q\u0259d\u0259r olan b\u00f6lg\u0259y\u0259 t\u0259sir ed\u0259c\u0259k&#8221;.<\/p>\n\n\n\n<p>Pampal x\u0259b\u0259rdarl\u0131q edib ki, D\u0259nizlid\u0259 Pamukkale fay\u0131nda da\u011f\u0131d\u0131c\u0131 z\u0259lz\u0259l\u0259 potensial\u0131 var. H\u0259m\u00e7inin Q\u0259rbi Anadolu T\u00fcrkiy\u0259d\u0259 z\u0259lz\u0259l\u0259 riskinin \u0259n y\u00fcks\u0259k oldu\u011fu b\u00f6lg\u0259dir.(musavat.com)<\/p>\n","protected":false},"excerpt":{"rendered":"<p>T\u00fcrkiy\u0259nin \u0130zmir \u015f\u0259h\u0259rinin Menderes rayonunda 5.1 maqnituda g\u00fcc\u00fcnd\u0259 z\u0259lz\u0259l\u0259 olub. Bu bar\u0259d\u0259 F\u0259lak\u0259t v\u0259 F\u00f6vq\u0259lad\u0259 Hallar\u0131n \u0130dar\u0259 Olunmas\u0131 Agentliyi (AFAD) m\u0259lumat yay\u0131b. Qeyd olunub ki, z\u0259lz\u0259l\u0259 Ege d\u0259nizind\u0259 qeyd\u0259 al\u0131n\u0131b. M\u0259lumata g\u00f6r\u0259, z\u0259lz\u0259l\u0259 10-15 saniy\u0259 \u00e7\u0259kib v\u0259 \u0259traf rayonlarda da hiss edilib. Region uzun m\u00fcdd\u0259tdir aktivdir v\u0259 g\u00fccl\u00fc z\u0259lz\u0259l\u0259 g\u00f6zl\u0259nilir. B\u0259s bu titr\u0259yi\u015f n\u0259d\u0259n x\u0259b\u0259r &hellip;<\/p>\n","protected":false},"author":1,"featured_media":9426,"comment_status":"open","ping_status":"closed","sticky":false,"template":"","format":"standard","meta":{"footnotes":""},"categories":[9],"tags":[],"class_list":["post-9430","post","type-post","status-publish","format-standard","has-post-thumbnail","hentry","category-xeber"],"_links":{"self":[{"href":"https:\/\/millitv.net\/index.php?rest_route=\/wp\/v2\/posts\/9430","targetHints":{"allow":["GET"]}}],"collection":[{"href":"https:\/\/millitv.net\/index.php?rest_route=\/wp\/v2\/posts"}],"about":[{"href":"https:\/\/millitv.net\/index.php?rest_route=\/wp\/v2\/types\/post"}],"author":[{"embeddable":true,"href":"https:\/\/millitv.net\/index.php?rest_route=\/wp\/v2\/users\/1"}],"replies":[{"embeddable":true,"href":"https:\/\/millitv.net\/index.php?rest_route=%2Fwp%2Fv2%2Fcomments&post=9430"}],"version-history":[{"count":0,"href":"https:\/\/millitv.net\/index.php?rest_route=\/wp\/v2\/posts\/9430\/revisions"}],"wp:featuredmedia":[{"embeddable":true,"href":"https:\/\/millitv.net\/index.php?rest_route=\/wp\/v2\/media\/9426"}],"wp:attachment":[{"href":"https:\/\/millitv.net\/index.php?rest_route=%2Fwp%2Fv2%2Fmedia&parent=9430"}],"wp:term":[{"taxonomy":"category","embeddable":true,"href":"https:\/\/millitv.net\/index.php?rest_route=%2Fwp%2Fv2%2Fcategories&post=9430"},{"taxonomy":"post_tag","embeddable":true,"href":"https:\/\/millitv.net\/index.php?rest_route=%2Fwp%2Fv2%2Ftags&post=9430"}],"curies":[{"name":"wp","href":"https:\/\/api.w.org\/{rel}","templated":true}]}}