{"id":9312,"date":"2024-01-25T06:36:54","date_gmt":"2024-01-25T06:36:54","guid":{"rendered":"https:\/\/millinews.az\/?p=9312"},"modified":"2024-01-25T06:36:56","modified_gmt":"2024-01-25T06:36:56","slug":"bel%C9%99-manislara-niy%C9%99-pul-x%C9%99rcl%C9%99yirl%C9%99r-ebdul-mug%C9%99nni-n%C9%99f%C9%99si-biabir-etdi","status":"publish","type":"post","link":"https:\/\/millitv.net\/?p=9312","title":{"rendered":"Bel\u0259 \u201cman\u0131s\u201dlara niy\u0259 pul x\u0259rcl\u0259yirl\u0259r? &#8211; \u018fbd\u00fcl m\u00fc\u011f\u0259nni N\u0259f\u0259si B\u0130ABIR ETD\u0130"},"content":{"rendered":"\n<p>M\u00fc\u011f\u0259nni N\u0259f\u0259sin &#8220;7 Canl\u0131&#8221; verili\u015find\u0259 etdiyi son a\u00e7\u0131qlamas\u0131 sosial \u015f\u0259b\u0259k\u0259l\u0259rd\u0259 m\u00fczakir\u0259l\u0259r\u0259 s\u0259b\u0259b olub.<\/p>\n\n\n\n<p>\u0130fa\u00e7\u0131 efird\u0259 avtomobil idar\u0259 ed\u0259rk\u0259n t\u0259hl\u00fck\u0259sizlik k\u0259m\u0259rind\u0259n az istifad\u0259 etm\u0259sind\u0259n v\u0259 bu qayda pozuntusuna g\u00f6r\u0259 tez-tez c\u0259rim\u0259l\u0259ndiyind\u0259n a\u011f\u0131z dolusu dan\u0131\u015f\u0131b.<\/p>\n\n\n\n<p>T\u0259bii ki, onun bu fikirl\u0259ri birm\u0259nal\u0131 olaraq ictimai q\u0131na\u011fa tu\u015f g\u0259lib.<\/p>\n\n\n\n<p>Bizim.Media-ya a\u00e7\u0131qlamas\u0131nda m\u0259s\u0259l\u0259y\u0259 m\u00fcnasib\u0259t bildir\u0259n Xalq artisti \u018fbd\u00fcl Mahmudov bildirib ki, N\u0259f\u0259sin bel\u0259 dan\u0131\u015fmas\u0131n\u0131n g\u00fcnah\u0131 birinci xalqda, ikincisi is\u0259 televiziyalardad\u0131r: &#8220;Adamlar balas\u0131n\u0131n bo\u011faz\u0131ndan, g\u00fcnd\u0259lik yem\u0259k-i\u00e7m\u0259yind\u0259n k\u0259sib ill\u0259rl\u0259 pul y\u0131\u011f\u0131b toy edirl\u0259r. Toyda da y\u0131\u011f\u0131lan pulun yar\u0131s\u0131n\u0131 \u015fadl\u0131q evin\u0259, yar\u0131s\u0131n\u0131 da &#8220;man\u0131s&#8221;lara verirl\u0259r. H\u0259tta toydan borcla \u00e7\u0131xanlar da olur. Amma bel\u0259 &#8220;man\u0131s&#8221;lara h\u0259v\u0259sl\u0259 pul x\u0259rcl\u0259yirl\u0259r. Xalq\u0131n min-bir z\u0259hm\u0259ti il\u0259 qazand\u0131\u011f\u0131 5-10 mini bir g\u00fcn\u0259 qatlay\u0131b cibin\u0259 qoyan &#8220;man\u0131s&#8221; da el\u0259 bu c\u00fcr dan\u0131\u015facaq.<\/p>\n\n\n\n<p>G\u00fcnah\u0131n ham\u0131s\u0131 xalqdad\u0131r. Xalq pulunu kim\u0259 v\u0259 n\u0259y\u0259 g\u00f6r\u0259 verdiyini bilmirs\u0259, N\u0259f\u0259sd\u0259 n\u0259 g\u00fcnah var?! N\u0259f\u0259s h\u0259l\u0259 az el\u0259yir, bel\u0259 m\u0259suliyy\u0259tsiz dan\u0131\u015f\u0131r. G\u0259r\u0259k bundan art\u0131\u011f\u0131n\u0131 dey\u0259 bu xalqa. Bu i\u015fd\u0259 televiziyalar\u0131n da g\u00fcnah\u0131 az deyil. Efird\u0259 s\u0259n\u0259td\u0259n, s\u00f6zd\u0259n yox, hans\u0131sa &#8220;man\u0131s&#8221;\u0131n avtomobil s\u00fcrm\u0259sini, n\u0259 geydiyini, harda yatd\u0131\u011f\u0131n\u0131 m\u00fczakir\u0259 edirl\u0259rs\u0259, bunda N\u0259f\u0259sin n\u0259 g\u00fcnah\u0131 var?! G\u00fcnah h\u0259min televiziyalar\u0131n r\u0259hb\u0259rl\u0259rind\u0259dir&#8221;.<\/p>\n\n\n\n<p>B\u0259s, N\u0259f\u0259sin bu etiraflar\u0131 hans\u0131 h\u00fcquqi v\u0259 m\u0259n\u0259vi m\u0259suliyy\u0259t yarad\u0131r?<\/p>\n\n\n\n<p>Bu suala is\u0259 h\u00fcquq\u015f\u00fcnas \u018fsab\u0259li Mustafayev ayd\u0131nl\u0131q g\u0259tirdi:<\/p>\n\n\n\n<p>&#8220;Bu \u00e7\u0131x\u0131\u015f yaln\u0131z m\u0259n\u0259vi m\u0259suliyy\u0259t yarad\u0131r. Y\u0259ni, a\u00e7\u0131qlama hadis\u0259d\u0259n bir m\u00fcdd\u0259t sonra verilib. Bizim h\u0259m \u0130nzibati X\u0259talar, h\u0259m d\u0259 Cinay\u0259t M\u0259c\u0259ll\u0259l\u0259rind\u0259 \u015f\u0259xsin hans\u0131sa etiraf\u0131 s\u00fcbut say\u0131lm\u0131r. Bunun \u00fc\u00e7\u00fcn dig\u0259r s\u00fcbutlar t\u0259l\u0259b olunur. Yaln\u0131z bundan sonra etiraf\u00e7\u0131 m\u0259suliyy\u0259t\u0259 c\u0259lb edil\u0259 bil\u0259r.<\/p>\n\n\n\n<p>Bel\u0259 v\u0259ziyy\u0259td\u0259 bu c\u00fcr fikirl\u0259r s\u0259sl\u0259ndir\u0259n \u015f\u0259xs ancaq ictimai q\u0131naqla \u00fczl\u0259\u015fir. \u0130ctimaiyy\u0259t qar\u015f\u0131s\u0131na \u00e7\u0131xan adam \u00f6z\u00fcn\u0259 v\u0259 s\u00f6z\u00fcn\u0259 h\u00f6rm\u0259t etm\u0259li, fikir verm\u0259lidir.<br>\u018fksin\u0259 tan\u0131nm\u0131\u015f simalar efird\u0259n n\u00fcmun\u0259vi h\u0259r\u0259k\u0259tl\u0259rind\u0259n dan\u0131\u015fmal\u0131 v\u0259 tama\u015fa\u00e7\u0131lar\u0131 da qanuna h\u00f6rm\u0259t etm\u0259y\u0259 \u00e7a\u011f\u0131rmal\u0131d\u0131rlar. M\u0259nim \u015f\u0259xsi q\u0259na\u0259tim budur ki, bu c\u00fcr dan\u0131\u015f\u0131q sahibl\u0259rini televiziyaya buraxmaq olmaz. \u0130ctimaiyy\u0259t qar\u015f\u0131s\u0131na qanuna h\u00f6rm\u0259t ed\u0259n insanlar \u00e7\u0131xar\u0131lmal\u0131d\u0131r&#8221;.<\/p>\n","protected":false},"excerpt":{"rendered":"<p>M\u00fc\u011f\u0259nni N\u0259f\u0259sin &#8220;7 Canl\u0131&#8221; verili\u015find\u0259 etdiyi son a\u00e7\u0131qlamas\u0131 sosial \u015f\u0259b\u0259k\u0259l\u0259rd\u0259 m\u00fczakir\u0259l\u0259r\u0259 s\u0259b\u0259b olub. \u0130fa\u00e7\u0131 efird\u0259 avtomobil idar\u0259 ed\u0259rk\u0259n t\u0259hl\u00fck\u0259sizlik k\u0259m\u0259rind\u0259n az istifad\u0259 etm\u0259sind\u0259n v\u0259 bu qayda pozuntusuna g\u00f6r\u0259 tez-tez c\u0259rim\u0259l\u0259ndiyind\u0259n a\u011f\u0131z dolusu dan\u0131\u015f\u0131b. T\u0259bii ki, onun bu fikirl\u0259ri birm\u0259nal\u0131 olaraq ictimai q\u0131na\u011fa tu\u015f g\u0259lib. Bizim.Media-ya a\u00e7\u0131qlamas\u0131nda m\u0259s\u0259l\u0259y\u0259 m\u00fcnasib\u0259t bildir\u0259n Xalq artisti \u018fbd\u00fcl Mahmudov bildirib ki, &hellip;<\/p>\n","protected":false},"author":1,"featured_media":9313,"comment_status":"open","ping_status":"closed","sticky":false,"template":"","format":"standard","meta":{"footnotes":""},"categories":[6],"tags":[],"class_list":["post-9312","post","type-post","status-publish","format-standard","has-post-thumbnail","hentry","category-maqazin"],"_links":{"self":[{"href":"https:\/\/millitv.net\/index.php?rest_route=\/wp\/v2\/posts\/9312","targetHints":{"allow":["GET"]}}],"collection":[{"href":"https:\/\/millitv.net\/index.php?rest_route=\/wp\/v2\/posts"}],"about":[{"href":"https:\/\/millitv.net\/index.php?rest_route=\/wp\/v2\/types\/post"}],"author":[{"embeddable":true,"href":"https:\/\/millitv.net\/index.php?rest_route=\/wp\/v2\/users\/1"}],"replies":[{"embeddable":true,"href":"https:\/\/millitv.net\/index.php?rest_route=%2Fwp%2Fv2%2Fcomments&post=9312"}],"version-history":[{"count":0,"href":"https:\/\/millitv.net\/index.php?rest_route=\/wp\/v2\/posts\/9312\/revisions"}],"wp:featuredmedia":[{"embeddable":true,"href":"https:\/\/millitv.net\/index.php?rest_route=\/wp\/v2\/media\/9313"}],"wp:attachment":[{"href":"https:\/\/millitv.net\/index.php?rest_route=%2Fwp%2Fv2%2Fmedia&parent=9312"}],"wp:term":[{"taxonomy":"category","embeddable":true,"href":"https:\/\/millitv.net\/index.php?rest_route=%2Fwp%2Fv2%2Fcategories&post=9312"},{"taxonomy":"post_tag","embeddable":true,"href":"https:\/\/millitv.net\/index.php?rest_route=%2Fwp%2Fv2%2Ftags&post=9312"}],"curies":[{"name":"wp","href":"https:\/\/api.w.org\/{rel}","templated":true}]}}