{"id":9299,"date":"2024-01-24T19:33:30","date_gmt":"2024-01-24T19:33:30","guid":{"rendered":"https:\/\/millinews.az\/?p=9299"},"modified":"2024-01-24T19:36:03","modified_gmt":"2024-01-24T19:36:03","slug":"aygun-kazimovanin-instaqram-hesabi-geri-qaytarildi-ilk-paylasimi-bu-oldu-foto","status":"publish","type":"post","link":"https:\/\/millitv.net\/?p=9299","title":{"rendered":"Ayg\u00fcn Kaz\u0131movan\u0131n instagram hesab\u0131 geri qaytar\u0131ld\u0131 &#8211; \u0130LK PAYLA\u015eIMI bu oldu &#8211; FOTO"},"content":{"rendered":"\n<p>Xalq artisti Ayg\u00fcn Kaz\u0131movan\u0131n bir ne\u00e7\u0259 g\u00fcn \u00f6nc\u0259 o\u011furlanan r\u0259smi instagram hesab\u0131 geri qaytar\u0131l\u0131b.<\/p>\n\n\n\n<p>Art\u0131q s\u00f6z\u00fcged\u0259n s\u0259hif\u0259d\u0259 s\u0259n\u0259t\u00e7inin payla\u015f\u0131mlar\u0131 yer al\u0131r.Qeyd ed\u0259k ki, bir ne\u00e7\u0259 g\u00fcn \u00f6nc\u0259 nam\u0259lum \u015f\u0259xsl\u0259r t\u0259r\u0259find\u0259n o\u011furlanan 1,4 milyon izl\u0259yicisi olan s\u0259hif\u0259nin geri verilm\u0259si \u00fc\u00e7\u00fcn ifa\u00e7\u0131dan 10 min avro t\u0259l\u0259b edilmi\u015fdi. Ayg\u00fcn Kaz\u0131movan\u0131n instagram hesab\u0131n\u0131 hans\u0131 formada geri qaytard\u0131\u011f\u0131 b\u0259lli deyil.<\/p>\n\n\n\n<figure class=\"wp-block-image is-resized\"><img decoding=\"async\" src=\"https:\/\/qafqazinfo.az\/uploads\/1706120024\/555555.png\" alt=\"\" style=\"width:385px;height:auto\" title=\"\"><\/figure>\n","protected":false},"excerpt":{"rendered":"<p>Xalq artisti Ayg\u00fcn Kaz\u0131movan\u0131n bir ne\u00e7\u0259 g\u00fcn \u00f6nc\u0259 o\u011furlanan r\u0259smi instagram hesab\u0131 geri qaytar\u0131l\u0131b. Art\u0131q s\u00f6z\u00fcged\u0259n s\u0259hif\u0259d\u0259 s\u0259n\u0259t\u00e7inin payla\u015f\u0131mlar\u0131 yer al\u0131r.Qeyd ed\u0259k ki, bir ne\u00e7\u0259 g\u00fcn \u00f6nc\u0259 nam\u0259lum \u015f\u0259xsl\u0259r t\u0259r\u0259find\u0259n o\u011furlanan 1,4 milyon izl\u0259yicisi olan s\u0259hif\u0259nin geri verilm\u0259si \u00fc\u00e7\u00fcn ifa\u00e7\u0131dan 10 min avro t\u0259l\u0259b edilmi\u015fdi. Ayg\u00fcn Kaz\u0131movan\u0131n instagram hesab\u0131n\u0131 hans\u0131 formada geri qaytard\u0131\u011f\u0131 b\u0259lli deyil.<\/p>\n","protected":false},"author":1,"featured_media":9300,"comment_status":"open","ping_status":"closed","sticky":false,"template":"","format":"standard","meta":{"footnotes":""},"categories":[6],"tags":[],"class_list":["post-9299","post","type-post","status-publish","format-standard","has-post-thumbnail","hentry","category-maqazin"],"_links":{"self":[{"href":"https:\/\/millitv.net\/index.php?rest_route=\/wp\/v2\/posts\/9299","targetHints":{"allow":["GET"]}}],"collection":[{"href":"https:\/\/millitv.net\/index.php?rest_route=\/wp\/v2\/posts"}],"about":[{"href":"https:\/\/millitv.net\/index.php?rest_route=\/wp\/v2\/types\/post"}],"author":[{"embeddable":true,"href":"https:\/\/millitv.net\/index.php?rest_route=\/wp\/v2\/users\/1"}],"replies":[{"embeddable":true,"href":"https:\/\/millitv.net\/index.php?rest_route=%2Fwp%2Fv2%2Fcomments&post=9299"}],"version-history":[{"count":0,"href":"https:\/\/millitv.net\/index.php?rest_route=\/wp\/v2\/posts\/9299\/revisions"}],"wp:featuredmedia":[{"embeddable":true,"href":"https:\/\/millitv.net\/index.php?rest_route=\/wp\/v2\/media\/9300"}],"wp:attachment":[{"href":"https:\/\/millitv.net\/index.php?rest_route=%2Fwp%2Fv2%2Fmedia&parent=9299"}],"wp:term":[{"taxonomy":"category","embeddable":true,"href":"https:\/\/millitv.net\/index.php?rest_route=%2Fwp%2Fv2%2Fcategories&post=9299"},{"taxonomy":"post_tag","embeddable":true,"href":"https:\/\/millitv.net\/index.php?rest_route=%2Fwp%2Fv2%2Ftags&post=9299"}],"curies":[{"name":"wp","href":"https:\/\/api.w.org\/{rel}","templated":true}]}}