{"id":922,"date":"2023-10-04T10:35:29","date_gmt":"2023-10-04T10:35:29","guid":{"rendered":"https:\/\/millinews.az\/?p=922"},"modified":"2023-10-04T10:35:31","modified_gmt":"2023-10-04T10:35:31","slug":"s%c9%99hid-qardasioglundan-danisan-m%c9%99nsum-ibrahimov-toyuna-hazirlasirdiq-video","status":"publish","type":"post","link":"https:\/\/millitv.net\/?p=922","title":{"rendered":"\u015e\u0259hid qarda\u015f\u0131o\u011flundan dan\u0131\u015fan M\u0259nsum \u0130brahimov: &#8220;Toyuna haz\u0131rla\u015f\u0131rd\u0131q&#8221; &#8211; V\u0130DEO"},"content":{"rendered":"\n<p><strong>&#8220;X\u0259z\u0259r ax\u015fam\u0131&#8221; proqram\u0131nda t\u0259sirli anlar ya\u015fan\u0131b.&nbsp;<\/strong><\/p>\n\n\n\n<p><strong>Millinews<\/strong>\u00a0x\u0259b\u0259r verir ki, efird\u0259 Xalq artisti M\u0259nsum \u0130brahimovun II Qaraba\u011f m\u00fcharib\u0259si \u015f\u0259hidi, qarda\u015f\u0131o\u011flu \u0130srafil \u0130brahimovun r\u0259smi n\u00fcmayi\u015f olunub.<\/p>\n\n\n\n<p>Tablonu Murad adl\u0131&nbsp;g\u0259nc r\u0259ssam \u00e7\u0259kib. Qarda\u015f\u0131 o\u011flunun fotosunu g\u00f6r\u0259n M\u0259nsum \u0130brahimov k\u00f6vr\u0259lib.<\/p>\n\n\n\n<p>O \u0130srafilin II Qaraba\u011f m\u00fcharib\u0259sind\u0259 g\u00f6st\u0259rdiyi \u015f\u00fccay\u0259tind\u0259n dan\u0131\u015f\u0131b. Xan\u0259nd\u0259 bildirib ki, onlar ail\u0259likl\u0259 23 ya\u015fl\u0131 \u0130srafilin toyuna haz\u0131rl\u0131q g\u00f6r\u00fcrm\u00fc\u015fl\u0259r:<\/p>\n\n\n\n<p>&#8220;\u0130srafilin timsal\u0131nda b\u00fct\u00fcn \u015f\u0259hidl\u0259rimizin ruhu qar\u015f\u0131s\u0131nda ba\u015f \u0259yir\u0259m. Onun 23 ya\u015f\u0131 var idi. Toyuna haz\u0131rla\u015f\u0131rd\u0131q. Portreti d\u0259 eynidir, \u00e7ox ox\u015fay\u0131r. 30 g\u00fcn d\u00fc\u015fm\u0259nl\u0259 \u00fcz-\u00fcz\u0259 qald\u0131. Y\u00fczl\u0259rl\u0259 \u015fahidimizin qisas\u0131n\u0131 ald\u0131. \u018fvv\u0259l tara getdi, sonra dedi m\u0259n idman ist\u0259yir\u0259m. Daha sonra h\u0259rbiy\u0259 maraq g\u00f6st\u0259rdi. D\u00f6y\u00fc\u015f\u0259 d\u0259 k\u00f6n\u00fcll\u00fc getmi\u015fdi. La\u00e7\u0131n \u0259razisind\u0259 \u015f\u0259hidlik zirv\u0259sin\u0259 ucald\u0131&#8221;.<\/p>\n\n\n\n<p>Qeyd ed\u0259k ki, Az\u0259rbaycan Ordusunun ki\u00e7ik \u00e7avu\u015fu olan \u0130srafil \u0130brahimov 2020-ci il sentyabr\u0131n 27-d\u0259 Az\u0259rbaycan Silahl\u0131 Q\u00fcvv\u0259l\u0259ri t\u0259r\u0259find\u0259n Erm\u0259nistan i\u015f\u011fal\u0131 alt\u0131nda olan \u0259razil\u0259rin azad edilm\u0259si v\u0259 Az\u0259rbaycan\u0131n \u0259razi b\u00fct\u00f6vl\u00fcy\u00fcn\u00fcn b\u0259rpa olunmas\u0131 \u00fc\u00e7\u00fcn ba\u015flanan \u0130kinci Qaraba\u011f m\u00fcharib\u0259si zaman\u0131 C\u0259bray\u0131l\u0131n, Qubadl\u0131n\u0131n v\u0259 La\u00e7\u0131n\u0131n azadl\u0131\u011f\u0131 u\u011frunda ged\u0259n d\u00f6y\u00fc\u015fl\u0259rd\u0259 sava\u015f\u0131b.<\/p>\n\n\n\n<p>\u0130srafil \u0130brahimov oktyabr\u0131n 26-da La\u00e7\u0131n d\u00f6y\u00fc\u015fl\u0259ri zaman\u0131 S\u0259fiyan istiqam\u0259tind\u0259 \u015f\u0259hid olub.<\/p>\n\n\n\n<p>\u018ftrafl\u0131 videoda:<\/p>\n\n\n\n<figure class=\"wp-block-video\"><video controls src=\"<iframe src='https:\/\/baku.tv\/embed\/101069' width='560' height='315' frameborder='0' allow='autoplay; encrypted-media' allowfullscreen&gt;<\/iframe&gt;\"><\/video><\/figure>\n\n\n","protected":false},"excerpt":{"rendered":"<p>&#8220;X\u0259z\u0259r ax\u015fam\u0131&#8221; proqram\u0131nda t\u0259sirli anlar ya\u015fan\u0131b.&nbsp; Millinews\u00a0x\u0259b\u0259r verir ki, efird\u0259 Xalq artisti M\u0259nsum \u0130brahimovun II Qaraba\u011f m\u00fcharib\u0259si \u015f\u0259hidi, qarda\u015f\u0131o\u011flu \u0130srafil \u0130brahimovun r\u0259smi n\u00fcmayi\u015f olunub. Tablonu Murad adl\u0131&nbsp;g\u0259nc r\u0259ssam \u00e7\u0259kib. Qarda\u015f\u0131 o\u011flunun fotosunu g\u00f6r\u0259n M\u0259nsum \u0130brahimov k\u00f6vr\u0259lib. O \u0130srafilin II Qaraba\u011f m\u00fcharib\u0259sind\u0259 g\u00f6st\u0259rdiyi \u015f\u00fccay\u0259tind\u0259n dan\u0131\u015f\u0131b. Xan\u0259nd\u0259 bildirib ki, onlar ail\u0259likl\u0259 23 ya\u015fl\u0131 \u0130srafilin toyuna haz\u0131rl\u0131q g\u00f6r\u00fcrm\u00fc\u015fl\u0259r: &hellip;<\/p>\n","protected":false},"author":1,"featured_media":923,"comment_status":"open","ping_status":"closed","sticky":false,"template":"","format":"standard","meta":{"footnotes":""},"categories":[6],"tags":[],"class_list":["post-922","post","type-post","status-publish","format-standard","has-post-thumbnail","hentry","category-maqazin"],"_links":{"self":[{"href":"https:\/\/millitv.net\/index.php?rest_route=\/wp\/v2\/posts\/922","targetHints":{"allow":["GET"]}}],"collection":[{"href":"https:\/\/millitv.net\/index.php?rest_route=\/wp\/v2\/posts"}],"about":[{"href":"https:\/\/millitv.net\/index.php?rest_route=\/wp\/v2\/types\/post"}],"author":[{"embeddable":true,"href":"https:\/\/millitv.net\/index.php?rest_route=\/wp\/v2\/users\/1"}],"replies":[{"embeddable":true,"href":"https:\/\/millitv.net\/index.php?rest_route=%2Fwp%2Fv2%2Fcomments&post=922"}],"version-history":[{"count":0,"href":"https:\/\/millitv.net\/index.php?rest_route=\/wp\/v2\/posts\/922\/revisions"}],"wp:featuredmedia":[{"embeddable":true,"href":"https:\/\/millitv.net\/index.php?rest_route=\/wp\/v2\/media\/923"}],"wp:attachment":[{"href":"https:\/\/millitv.net\/index.php?rest_route=%2Fwp%2Fv2%2Fmedia&parent=922"}],"wp:term":[{"taxonomy":"category","embeddable":true,"href":"https:\/\/millitv.net\/index.php?rest_route=%2Fwp%2Fv2%2Fcategories&post=922"},{"taxonomy":"post_tag","embeddable":true,"href":"https:\/\/millitv.net\/index.php?rest_route=%2Fwp%2Fv2%2Ftags&post=922"}],"curies":[{"name":"wp","href":"https:\/\/api.w.org\/{rel}","templated":true}]}}