{"id":902,"date":"2023-10-02T06:55:14","date_gmt":"2023-10-02T06:55:14","guid":{"rendered":"https:\/\/millinews.az\/?p=902"},"modified":"2023-10-02T06:55:16","modified_gmt":"2023-10-02T06:55:16","slug":"pensiyalarla-bagli-sad-xeber-n%c9%99-q%c9%99d%c9%99r-artacagi-aciqlandi-video","status":"publish","type":"post","link":"https:\/\/millitv.net\/?p=902","title":{"rendered":"Pensiyalarla ba\u011fl\u0131 \u015eAD X\u018fB\u018fR\u00a0&#8211; N\u0259 q\u0259d\u0259r artaca\u011f\u0131 A\u00c7IQLANDI &#8211; V\u0130DEO"},"content":{"rendered":"\n<p><strong>2024-c\u00fc ilin yanvar ay\u0131ndan etibar\u0259n b\u00fct\u00fcn \u0259m\u0259k pensiyalar\u0131 indeksiyasiya olunaraq art\u0131r\u0131lacaq&#8221;.<\/strong><\/p>\n\n\n\n<p>Millinews x\u0259b\u0259r verir ki, bu bar\u0259d\u0259 mill\u0259t v\u0259kili, iqtisad\u00e7\u0131 V\u00fcqar Bayramov &#8220;ATV x\u0259b\u0259r&#8221;\u0259 a\u00e7\u0131qlamas\u0131nda bildirib:<\/p>\n\n\n\n<p>&#8220;\u0130lkin g\u00f6zl\u0259nti ondan ibar\u0259tdir ki, pensiyalar t\u0259xmin\u0259n 11 faiz \u0259traf\u0131nda indeksiyasiya olunaraq art\u0131mlar realla\u015fcaq. \u00c7\u00fcnki bu ilin gerid\u0259 qalan aylar\u0131nda orta ayl\u0131q \u0259m\u0259khaqq\u0131 11.3 faiz art\u0131b. Buna uy\u011fun olaraq da art\u0131mlar ba\u015f ver\u0259c\u0259k. \u018fvv\u0259lki ill\u0259rd\u0259 pensiyas\u0131 inseksiaysiya olunmayan 100 min v\u0259t\u0259nda\u015f\u0131m\u0131z\u0131n da 2024-c\u00fc ild\u0259 pensiyalar\u0131 indeksiyasiya olunaraq art\u0131r\u0131lacaq. Ayl\u0131q 425 AZN alan v\u0259t\u0259nda\u015f\u0131n pensiyas\u0131 50 AZN artacaq&#8221;.<\/p>\n\n\n\n<p>V\u00fcqar Bayramova onu da bildirib ki, pensiya m\u0259bl\u0259\u011find\u0259n as\u0131l\u0131 olaraq bu r\u0259q\u0259m d\u0259yi\u015f\u0259c\u0259k.<\/p>\n\n\n\n<p>Daha \u00e7ox pensiya alanalarda bu r\u0259q\u0259m y\u00fck\u0259sk olacaq.\u018ftrafl\u0131 videoda:<\/p>\n\n\n\n<figure class=\"wp-block-embed is-type-video is-provider-youtube wp-block-embed-youtube wp-embed-aspect-16-9 wp-has-aspect-ratio\"><div class=\"wp-block-embed__wrapper\">\n<iframe loading=\"lazy\" title=\"G\u0259l\u0259n ilin d\u00f6vl\u0259t b\u00fcdc\u0259sind\u0259 sosial \u00f6d\u0259ni\u015fl\u0259r \u00fc\u00e7\u00fcn ayr\u0131lan v\u0259sait art\u0131r\u0131l\u0131r.\" width=\"500\" height=\"281\" src=\"https:\/\/www.youtube.com\/embed\/Z-jPJ6H091s?feature=oembed\" frameborder=\"0\" allow=\"accelerometer; autoplay; clipboard-write; encrypted-media; gyroscope; picture-in-picture; web-share\" referrerpolicy=\"strict-origin-when-cross-origin\" allowfullscreen><\/iframe>\n<\/div><\/figure>\n","protected":false},"excerpt":{"rendered":"<p>2024-c\u00fc ilin yanvar ay\u0131ndan etibar\u0259n b\u00fct\u00fcn \u0259m\u0259k pensiyalar\u0131 indeksiyasiya olunaraq art\u0131r\u0131lacaq&#8221;. Millinews x\u0259b\u0259r verir ki, bu bar\u0259d\u0259 mill\u0259t v\u0259kili, iqtisad\u00e7\u0131 V\u00fcqar Bayramov &#8220;ATV x\u0259b\u0259r&#8221;\u0259 a\u00e7\u0131qlamas\u0131nda bildirib: &#8220;\u0130lkin g\u00f6zl\u0259nti ondan ibar\u0259tdir ki, pensiyalar t\u0259xmin\u0259n 11 faiz \u0259traf\u0131nda indeksiyasiya olunaraq art\u0131mlar realla\u015fcaq. \u00c7\u00fcnki bu ilin gerid\u0259 qalan aylar\u0131nda orta ayl\u0131q \u0259m\u0259khaqq\u0131 11.3 faiz art\u0131b. Buna uy\u011fun olaraq &hellip;<\/p>\n","protected":false},"author":1,"featured_media":903,"comment_status":"open","ping_status":"closed","sticky":false,"template":"","format":"standard","meta":{"footnotes":""},"categories":[5],"tags":[],"class_list":["post-902","post","type-post","status-publish","format-standard","has-post-thumbnail","hentry","category-iqtisadiyyat"],"_links":{"self":[{"href":"https:\/\/millitv.net\/index.php?rest_route=\/wp\/v2\/posts\/902","targetHints":{"allow":["GET"]}}],"collection":[{"href":"https:\/\/millitv.net\/index.php?rest_route=\/wp\/v2\/posts"}],"about":[{"href":"https:\/\/millitv.net\/index.php?rest_route=\/wp\/v2\/types\/post"}],"author":[{"embeddable":true,"href":"https:\/\/millitv.net\/index.php?rest_route=\/wp\/v2\/users\/1"}],"replies":[{"embeddable":true,"href":"https:\/\/millitv.net\/index.php?rest_route=%2Fwp%2Fv2%2Fcomments&post=902"}],"version-history":[{"count":0,"href":"https:\/\/millitv.net\/index.php?rest_route=\/wp\/v2\/posts\/902\/revisions"}],"wp:featuredmedia":[{"embeddable":true,"href":"https:\/\/millitv.net\/index.php?rest_route=\/wp\/v2\/media\/903"}],"wp:attachment":[{"href":"https:\/\/millitv.net\/index.php?rest_route=%2Fwp%2Fv2%2Fmedia&parent=902"}],"wp:term":[{"taxonomy":"category","embeddable":true,"href":"https:\/\/millitv.net\/index.php?rest_route=%2Fwp%2Fv2%2Fcategories&post=902"},{"taxonomy":"post_tag","embeddable":true,"href":"https:\/\/millitv.net\/index.php?rest_route=%2Fwp%2Fv2%2Ftags&post=902"}],"curies":[{"name":"wp","href":"https:\/\/api.w.org\/{rel}","templated":true}]}}