{"id":9019,"date":"2023-12-09T19:46:42","date_gmt":"2023-12-09T19:46:42","guid":{"rendered":"https:\/\/millinews.az\/?p=9019"},"modified":"2023-12-09T19:46:44","modified_gmt":"2023-12-09T19:46:44","slug":"pulnan-sevisir%C9%99m-dey%C9%99n-psixoloqun-davranisi-gund%C9%99m-oldu-fotolar","status":"publish","type":"post","link":"https:\/\/millitv.net\/?p=9019","title":{"rendered":"&#8220;Pulnan sevi\u015fir\u0259m&#8221; dey\u0259n psixoloqun davran\u0131\u015f\u0131 g\u00fcnd\u0259m oldu &#8211; FOTOLAR"},"content":{"rendered":"\n<p>T\u00fcrkiy\u0259nin tan\u0131nm\u0131\u015f psixoloqu Esra Ezmeci payla\u015f\u0131m\u0131 il\u0259 g\u00fcnd\u0259m olub.<\/p>\n\n\n\n<p>Ayasofya m\u0259scidin\u0259 ged\u0259n Ezmeci hicabl\u0131 fotolar\u0131n\u0131 payla\u015f\u0131b. Lakin onun makiyaj\u0131 b\u0259zi izl\u0259yicil\u0259rini narahat edib. Esra Ezmecinin izl\u0259yicil\u0259rind\u0259n b\u0259zil\u0259ri m\u0259\u015fhur psixoloqun d\u0131rnaq boyas\u0131n\u0131 v\u0259 makiyaj\u0131n\u0131 t\u0259nqid edib.Qeyd ed\u0259k ki, &#8220;Esra Ezmeci il\u0259 \u00fcz-\u00fcz\u0259&#8221; proqram\u0131 il\u0259 tan\u0131nan Esra Ezmeci sosial mediada \u00e7ox m\u0259\u015fhurdur. O cins\u0259llikl\u0259 ba\u011fl\u0131 a\u00e7\u0131qlamalar\u0131 il\u0259 g\u00fcnd\u0259m olur.O \u0259vv\u0259lki a\u00e7\u0131qlamalar\u0131nda&nbsp;psixoloq h\u0259yat yolda\u015f\u0131 il\u0259 pul qar\u015f\u0131l\u0131\u011f\u0131nda cinsi m\u00fcnasib\u0259t\u0259 girdiyini deyib. Sosial \u015f\u0259b\u0259k\u0259 istifad\u0259\u00e7il\u0259ri etiraf\u0131n ard\u0131nca psixoloqa \u00f6z\u0259l h\u0259yat\u0131 il\u0259 ba\u011fl\u0131 suallar verm\u0259y\u0259 davam edibl\u0259r.<\/p>\n\n\n\n<p>Bel\u0259 ki, izl\u0259yicil\u0259rd\u0259n biri \u201cH\u0259yat yolda\u015f\u0131n\u0131zla pul qar\u015f\u0131l\u0131\u011f\u0131nda intim \u0259laq\u0259 ya\u015fama\u011f\u0131n\u0131z normald\u0131rm\u0131?\u201d sual\u0131n\u0131 \u00fcnvanlay\u0131b. Esra is\u0259 qar\u015f\u0131l\u0131\u011f\u0131nda \u201cBu, c\u00fctl\u00fckl\u0259r aras\u0131nda h\u0259y\u0259can art\u0131ran fantaziya da ola bil\u0259r. \u018fg\u0259r h\u0259r iki t\u0259r\u0259f d\u0259 bundan raz\u0131d\u0131rsa, problem olmaz\u201d, -dey\u0259 bildirib.<\/p>\n\n\n\n<figure class=\"wp-block-image\"><img decoding=\"async\" src=\"https:\/\/kanal.az\/uploads\/image\/original\/2023-10\/65378c907c9e2202310232120.jpg\" alt=\"\" title=\"\"><\/figure>\n\n\n\n<figure class=\"wp-block-image\"><img decoding=\"async\" src=\"https:\/\/kanal.az\/uploads\/image\/original\/2023-10\/65378c9064f91202310232120.jpg\" alt=\"\" title=\"\"><\/figure>\n\n\n\n<figure class=\"wp-block-image\"><img decoding=\"async\" src=\"https:\/\/kanal.az\/uploads\/image\/original\/2023-10\/65378c9046562202310232120.jpg\" alt=\"\" title=\"\"><\/figure>\n\n\n\n<figure class=\"wp-block-image\"><img decoding=\"async\" src=\"https:\/\/kanal.az\/uploads\/image\/original\/2023-10\/65378c9027366202310232120.jpg\" alt=\"\" title=\"\"><\/figure>\n","protected":false},"excerpt":{"rendered":"<p>T\u00fcrkiy\u0259nin tan\u0131nm\u0131\u015f psixoloqu Esra Ezmeci payla\u015f\u0131m\u0131 il\u0259 g\u00fcnd\u0259m olub. Ayasofya m\u0259scidin\u0259 ged\u0259n Ezmeci hicabl\u0131 fotolar\u0131n\u0131 payla\u015f\u0131b. Lakin onun makiyaj\u0131 b\u0259zi izl\u0259yicil\u0259rini narahat edib. Esra Ezmecinin izl\u0259yicil\u0259rind\u0259n b\u0259zil\u0259ri m\u0259\u015fhur psixoloqun d\u0131rnaq boyas\u0131n\u0131 v\u0259 makiyaj\u0131n\u0131 t\u0259nqid edib.Qeyd ed\u0259k ki, &#8220;Esra Ezmeci il\u0259 \u00fcz-\u00fcz\u0259&#8221; proqram\u0131 il\u0259 tan\u0131nan Esra Ezmeci sosial mediada \u00e7ox m\u0259\u015fhurdur. O cins\u0259llikl\u0259 ba\u011fl\u0131 a\u00e7\u0131qlamalar\u0131 il\u0259 &hellip;<\/p>\n","protected":false},"author":1,"featured_media":8997,"comment_status":"open","ping_status":"closed","sticky":false,"template":"","format":"standard","meta":{"footnotes":""},"categories":[6],"tags":[],"class_list":["post-9019","post","type-post","status-publish","format-standard","has-post-thumbnail","hentry","category-maqazin"],"_links":{"self":[{"href":"https:\/\/millitv.net\/index.php?rest_route=\/wp\/v2\/posts\/9019","targetHints":{"allow":["GET"]}}],"collection":[{"href":"https:\/\/millitv.net\/index.php?rest_route=\/wp\/v2\/posts"}],"about":[{"href":"https:\/\/millitv.net\/index.php?rest_route=\/wp\/v2\/types\/post"}],"author":[{"embeddable":true,"href":"https:\/\/millitv.net\/index.php?rest_route=\/wp\/v2\/users\/1"}],"replies":[{"embeddable":true,"href":"https:\/\/millitv.net\/index.php?rest_route=%2Fwp%2Fv2%2Fcomments&post=9019"}],"version-history":[{"count":0,"href":"https:\/\/millitv.net\/index.php?rest_route=\/wp\/v2\/posts\/9019\/revisions"}],"wp:featuredmedia":[{"embeddable":true,"href":"https:\/\/millitv.net\/index.php?rest_route=\/wp\/v2\/media\/8997"}],"wp:attachment":[{"href":"https:\/\/millitv.net\/index.php?rest_route=%2Fwp%2Fv2%2Fmedia&parent=9019"}],"wp:term":[{"taxonomy":"category","embeddable":true,"href":"https:\/\/millitv.net\/index.php?rest_route=%2Fwp%2Fv2%2Fcategories&post=9019"},{"taxonomy":"post_tag","embeddable":true,"href":"https:\/\/millitv.net\/index.php?rest_route=%2Fwp%2Fv2%2Ftags&post=9019"}],"curies":[{"name":"wp","href":"https:\/\/api.w.org\/{rel}","templated":true}]}}