{"id":8963,"date":"2023-12-08T08:16:25","date_gmt":"2023-12-08T08:16:25","guid":{"rendered":"https:\/\/millinews.az\/?p=8963"},"modified":"2023-12-08T08:16:27","modified_gmt":"2023-12-08T08:16:27","slug":"lukasenkonun-m%C9%99suq%C9%99l%C9%99ri-qizlari-goz%C9%99llik-yarismalarindan-tapirmis-fotolar","status":"publish","type":"post","link":"https:\/\/millitv.net\/?p=8963","title":{"rendered":"Luka\u015fenkonun m\u0259\u015fuq\u0259l\u0259ri &#8211; Q\u0131zlar\u0131 g\u00f6z\u0259llik yar\u0131\u015fmalar\u0131ndan &#8220;tap\u0131rm\u0131\u015f&#8221; &#8211; FOTOLAR"},"content":{"rendered":"\n<p><strong>Rusiya-Ukrayna m\u00fcharib\u0259si fonunda ad\u0131 tez-tez g\u00fcnd\u0259m\u0259 g\u0259l\u0259n Belarus prezidenti Aleksandr Luka\u015fenkonun intim h\u0259yat\u0131 il\u0259 ba\u011fl\u0131 m\u00fct\u0259madi m\u0259lumatlar yay\u0131l\u0131r.<\/strong><\/p>\n\n\n\n<p>67 ya\u015fl\u0131 Luka\u015fenkonun bir \u00e7ox model v\u0259 m\u0259\u015fhur qad\u0131nlarla e\u015fq romanlar\u0131 ya\u015fad\u0131\u011f\u0131 bildirilir.<\/p>\n\n\n\n<p>Media iddia edir ki, Aleksandr Luka\u015fenkonun \u015f\u0259xsiyy\u0259ti, onun m\u0259\u015fuq\u0259l\u0259ri haqq\u0131nda \u015fayi\u0259l\u0259r m\u00fcnt\u0259z\u0259m olaraq yaran\u0131r.Bud\u0259f\u0259ki m\u0259lumatlarda Luka\u015fenkonun m\u0259\u015fuq\u0259l\u0259rind\u0259n b\u0259hs olunub.<\/p>\n\n\n\n<p>M\u0259lum olub ki, o, g\u00f6z\u0259llik m\u00fcsabiq\u0259l\u0259rinin v\u0259 m\u0259\u015fhur belaruslu xan\u0131mlar\u0131n \u0259sl p\u0259r\u0259sti\u015fkar\u0131d\u0131r.<\/p>\n\n\n\n<figure class=\"wp-block-image\"><img decoding=\"async\" src=\"https:\/\/admin.modern.az\/file\/articles\/2022\/03\/31\/1648735034_1648638843-1510.jpeg\" alt=\"\" title=\"\"><\/figure>\n\n\n\n<p>M\u0259lumatlara g\u00f6r\u0259, Belarus prezidenti pop m\u00fc\u011f\u0259nnisi \u0130rina Dorofeeva il\u0259 intim m\u00fcnasib\u0259tl\u0259r\u0259 mailkdir. \u0130rina Dorofeeva prezident So\u00e7iy\u0259 istirah\u0259t\u0259 ged\u0259rk\u0259n onun yan\u0131nda olub, \u201cSlavyan bazar\u0131\u201dnda Luka\u015fenkonun iqam\u0259tgah\u0131nda g\u00f6r\u00fcn\u00fcb. Lakin o, romantik m\u00fcnasib\u0259tl\u0259rini r\u0259smi olaraq t\u0259sdiql\u0259m\u0259yib.<img decoding=\"async\" src=\"https:\/\/admin.modern.az\/file\/articles\/2022\/03\/31\/1648735217_22559.jpg\" alt=\"\" title=\"\">Luka\u015fenkonun Rusiya v\u0259 Avropa g\u00f6z\u0259li Svetlana Koroleva il\u0259 d\u0259 romantik m\u00fcnasib\u0259ti oldu\u011funu deyirl\u0259r. \u0130ddialara g\u00f6r\u0259, o, h\u0259tta bir ne\u00e7\u0259 d\u0259f\u0259 s\u0259h\u0259rd\u0259n ax\u015famad\u0259k b\u00fct\u00fcn g\u00fcn\u00fcn\u00fc Svetlana il\u0259 birlikd\u0259 \u00f6z iqam\u0259tgah\u0131nda ke\u00e7irib.&nbsp;<\/p>\n\n\n\n<figure class=\"wp-block-image\"><img decoding=\"async\" src=\"https:\/\/admin.modern.az\/file\/articles\/2022\/03\/31\/1648735041_1648639222-8005.jpeg\" alt=\"\" title=\"\"><\/figure>\n\n\n\n<p>Prezidentin h\u0259m\u00e7inin modell\u0259r Marta Qolubeva, Polina \u015euba, Da\u015fa \u015emanay, el\u0259c\u0259d\u0259 teleapar\u0131c\u0131 v\u0259 &nbsp;Belarus g\u00f6z\u0259li Mariya Vasilevi\u00e7 il\u0259 romanlar ya\u015fad\u0131\u011f\u0131 vur\u011fulan\u0131r.<\/p>\n\n\n\n<p>X\u00fcsusil\u0259 Mariya Vasilevi\u00e7 son vaxtlar xokkey yar\u0131\u015flar\u0131n\u0131 izl\u0259y\u0259n &#8220;batka&#8221;n\u0131n yan\u0131nda tez-tez g\u00f6r\u00fcn\u00fcr.<img decoding=\"async\" src=\"https:\/\/admin.modern.az\/file\/articles\/2022\/03\/31\/1648735034_1648639350-7000-1.jpeg\" alt=\"\" title=\"\"><\/p>\n\n\n\n<p>Qeyd ed\u0259k ki, 2019-cu ild\u0259 is\u0259 Mariya Belarusda m\u0259d\u0259niyy\u0259tin inki\u015faf\u0131na verdiyi t\u00f6hf\u0259y\u0259 g\u00f6r\u0259 m\u00fckafata layiq g\u00f6r\u00fcl\u00fcb.<\/p>\n\n\n\n<p>B\u0259s Aleksandr Luka\u015fenkonun qanuni h\u0259yat yolda\u015f\u0131 kimdir?<\/p>\n\n\n\n<figure class=\"wp-block-image\"><img decoding=\"async\" src=\"https:\/\/admin.modern.az\/file\/articles\/2022\/03\/31\/1648735137_22559.jpg\" alt=\"\" title=\"\"><\/figure>\n\n\n\n<p>M\u0259lumata g\u00f6r\u0259, prezidentin birinci h\u0259yat yolda\u015f\u0131 Qalina Luka\u015fenko haz\u0131rda ki\u00e7ik bir k\u0259ndd\u0259 ya\u015fay\u0131r v\u0259 sa\u011f\u0131c\u0131 i\u015fl\u0259yir. C\u00fctl\u00fck sonuncu d\u0259f\u0259 1994-c\u00fc ild\u0259 \u0130sraild\u0259 birlikd\u0259 g\u00f6r\u00fcnt\u00fcl\u0259nib. \u0130ndi d\u0259 bo\u015fanmay\u0131blar, amma uzun ill\u0259rdi ayr\u0131 ya\u015fay\u0131rlar. Aleksandr v\u0259 Qalina Luka\u015fenkolar\u0131n Vitya v\u0259 Dima adl\u0131 iki o\u011flu v\u0259 yeddi n\u0259v\u0259si var.<\/p>\n\n\n\n<figure class=\"wp-block-image\"><img decoding=\"async\" src=\"https:\/\/admin.modern.az\/file\/articles\/2022\/03\/31\/1648735305_22559.jpg\" alt=\"\" title=\"\"><\/figure>\n\n\n\n<p>Luka\u015fenkonun ki\u00e7ik o\u011flu Kolyan\u0131n anas\u0131n\u0131n is\u0259 Prezidentin tibb komissiyas\u0131n\u0131n r\u0259hb\u0259ri v\u0259zif\u0259sind\u0259 \u00e7al\u0131\u015fm\u0131\u015f \u0130rina Abelskaya oldu\u011fu bildirilir. (modern.az)<\/p>\n","protected":false},"excerpt":{"rendered":"<p>Rusiya-Ukrayna m\u00fcharib\u0259si fonunda ad\u0131 tez-tez g\u00fcnd\u0259m\u0259 g\u0259l\u0259n Belarus prezidenti Aleksandr Luka\u015fenkonun intim h\u0259yat\u0131 il\u0259 ba\u011fl\u0131 m\u00fct\u0259madi m\u0259lumatlar yay\u0131l\u0131r. 67 ya\u015fl\u0131 Luka\u015fenkonun bir \u00e7ox model v\u0259 m\u0259\u015fhur qad\u0131nlarla e\u015fq romanlar\u0131 ya\u015fad\u0131\u011f\u0131 bildirilir. Media iddia edir ki, Aleksandr Luka\u015fenkonun \u015f\u0259xsiyy\u0259ti, onun m\u0259\u015fuq\u0259l\u0259ri haqq\u0131nda \u015fayi\u0259l\u0259r m\u00fcnt\u0259z\u0259m olaraq yaran\u0131r.Bud\u0259f\u0259ki m\u0259lumatlarda Luka\u015fenkonun m\u0259\u015fuq\u0259l\u0259rind\u0259n b\u0259hs olunub. M\u0259lum olub ki, o, g\u00f6z\u0259llik &hellip;<\/p>\n","protected":false},"author":1,"featured_media":8970,"comment_status":"open","ping_status":"closed","sticky":false,"template":"","format":"standard","meta":{"footnotes":""},"categories":[6],"tags":[],"class_list":["post-8963","post","type-post","status-publish","format-standard","has-post-thumbnail","hentry","category-maqazin"],"_links":{"self":[{"href":"https:\/\/millitv.net\/index.php?rest_route=\/wp\/v2\/posts\/8963","targetHints":{"allow":["GET"]}}],"collection":[{"href":"https:\/\/millitv.net\/index.php?rest_route=\/wp\/v2\/posts"}],"about":[{"href":"https:\/\/millitv.net\/index.php?rest_route=\/wp\/v2\/types\/post"}],"author":[{"embeddable":true,"href":"https:\/\/millitv.net\/index.php?rest_route=\/wp\/v2\/users\/1"}],"replies":[{"embeddable":true,"href":"https:\/\/millitv.net\/index.php?rest_route=%2Fwp%2Fv2%2Fcomments&post=8963"}],"version-history":[{"count":0,"href":"https:\/\/millitv.net\/index.php?rest_route=\/wp\/v2\/posts\/8963\/revisions"}],"wp:featuredmedia":[{"embeddable":true,"href":"https:\/\/millitv.net\/index.php?rest_route=\/wp\/v2\/media\/8970"}],"wp:attachment":[{"href":"https:\/\/millitv.net\/index.php?rest_route=%2Fwp%2Fv2%2Fmedia&parent=8963"}],"wp:term":[{"taxonomy":"category","embeddable":true,"href":"https:\/\/millitv.net\/index.php?rest_route=%2Fwp%2Fv2%2Fcategories&post=8963"},{"taxonomy":"post_tag","embeddable":true,"href":"https:\/\/millitv.net\/index.php?rest_route=%2Fwp%2Fv2%2Ftags&post=8963"}],"curies":[{"name":"wp","href":"https:\/\/api.w.org\/{rel}","templated":true}]}}