{"id":8946,"date":"2023-11-18T18:50:03","date_gmt":"2023-11-18T18:50:03","guid":{"rendered":"https:\/\/millinews.az\/?p=8946"},"modified":"2023-11-18T18:50:05","modified_gmt":"2023-11-18T18:50:05","slug":"pulsuz-kisi-hec-arvadina-da-lazim-deyil-baki-goz%C9%99lind%C9%99n-qalmaqal-video","status":"publish","type":"post","link":"https:\/\/millitv.net\/?p=8946","title":{"rendered":"\u201cPulsuz ki\u015fi he\u00e7 arvad\u0131na da laz\u0131m deyil\u201d &#8211; \u201cBak\u0131 g\u00f6z\u0259li\u201dnd\u0259n qalmaqal \/ V\u0130DEO"},"content":{"rendered":"\n<p>\u200bYenicag.az-\u0131n \u201c\u018fc\u0259bs\u0259nd\u0259l\u201d layih\u0259sinin qona\u011f\u0131 \u201cBak\u0131 g\u00f6z\u0259li 2018\u201d g\u00f6z\u0259llik m\u00fcsabiq\u0259sinin qalibi, cazib\u0259dar model, m\u00fc\u011f\u0259nni Z\u0259hra \u0130sayevad\u0131r.<\/p>\n\n\n\n<p>O, \u201cBak\u0131 g\u00f6z\u0259li\u201d yar\u0131\u015fmas\u0131na nec\u0259 qat\u0131ld\u0131?<\/p>\n\n\n\n<p>G\u00f6z\u0259llik yar\u0131\u015fmas\u0131nda birinci olan tacl\u0131 \u201cBak\u0131 g\u00f6z\u0259li\u201dnin qar\u015f\u0131s\u0131n\u0131 kiml\u0259r k\u0259sm\u0259k ist\u0259di?<\/p>\n\n\n\n<p>C\u0259sar\u0259tli geyiml\u0259ri il\u0259 se\u00e7il\u0259n Z\u0259hra onu q\u0131nayanlara hans\u0131 ismar\u0131\u015f\u0131 yollad\u0131?&nbsp;<\/p>\n\n\n\n<p>Onu toy bazar\u0131ndan vurmaq ist\u0259y\u0259n ki\u015fi m\u00fc\u011f\u0259nnil\u0259rl\u0259 ba\u011fl\u0131 hans\u0131 etiraflar\u0131 etdi?<\/p>\n\n\n\n<p>\u00d6z\u0259l h\u0259yat\u0131 il\u0259 ba\u011fl\u0131 hans\u0131 gizlinl\u0259ri b\u00f6l\u00fc\u015fd\u00fc?<\/p>\n\n\n\n<p>\u201cBak\u0131 g\u00f6z\u0259li\u201d toyuna 10 g\u00fcn qalm\u0131\u015f niy\u0259 ni\u015fan\u0131 qaytard\u0131?<\/p>\n\n\n\n<p>Daha \u0259trafl\u0131 videom\u00fcsahib\u0259ni t\u0259qdim edirik:<\/p>\n\n\n\n<figure class=\"wp-block-embed is-type-video is-provider-youtube wp-block-embed-youtube wp-embed-aspect-16-9 wp-has-aspect-ratio\"><div class=\"wp-block-embed__wrapper\">\n<iframe loading=\"lazy\" title=\"\u201cBak\u0131 g\u00f6z\u0259li\u201dnd\u0259n \u00f6z\u0259l h\u0259yat\u0131 il\u0259 ba\u011fl\u0131 ET\u0130RAFLAR - \u0130LK D\u018fF\u018f\" width=\"500\" height=\"281\" src=\"https:\/\/www.youtube.com\/embed\/RbF8XojB2jA?feature=oembed\" frameborder=\"0\" allow=\"accelerometer; autoplay; clipboard-write; encrypted-media; gyroscope; picture-in-picture; web-share\" referrerpolicy=\"strict-origin-when-cross-origin\" allowfullscreen><\/iframe>\n<\/div><\/figure>\n","protected":false},"excerpt":{"rendered":"<p>\u200bYenicag.az-\u0131n \u201c\u018fc\u0259bs\u0259nd\u0259l\u201d layih\u0259sinin qona\u011f\u0131 \u201cBak\u0131 g\u00f6z\u0259li 2018\u201d g\u00f6z\u0259llik m\u00fcsabiq\u0259sinin qalibi, cazib\u0259dar model, m\u00fc\u011f\u0259nni Z\u0259hra \u0130sayevad\u0131r. O, \u201cBak\u0131 g\u00f6z\u0259li\u201d yar\u0131\u015fmas\u0131na nec\u0259 qat\u0131ld\u0131? G\u00f6z\u0259llik yar\u0131\u015fmas\u0131nda birinci olan tacl\u0131 \u201cBak\u0131 g\u00f6z\u0259li\u201dnin qar\u015f\u0131s\u0131n\u0131 kiml\u0259r k\u0259sm\u0259k ist\u0259di? C\u0259sar\u0259tli geyiml\u0259ri il\u0259 se\u00e7il\u0259n Z\u0259hra onu q\u0131nayanlara hans\u0131 ismar\u0131\u015f\u0131 yollad\u0131?&nbsp; Onu toy bazar\u0131ndan vurmaq ist\u0259y\u0259n ki\u015fi m\u00fc\u011f\u0259nnil\u0259rl\u0259 ba\u011fl\u0131 hans\u0131 etiraflar\u0131 etdi? \u00d6z\u0259l h\u0259yat\u0131 &hellip;<\/p>\n","protected":false},"author":1,"featured_media":8947,"comment_status":"open","ping_status":"closed","sticky":false,"template":"","format":"standard","meta":{"footnotes":""},"categories":[6],"tags":[],"class_list":["post-8946","post","type-post","status-publish","format-standard","has-post-thumbnail","hentry","category-maqazin"],"_links":{"self":[{"href":"https:\/\/millitv.net\/index.php?rest_route=\/wp\/v2\/posts\/8946","targetHints":{"allow":["GET"]}}],"collection":[{"href":"https:\/\/millitv.net\/index.php?rest_route=\/wp\/v2\/posts"}],"about":[{"href":"https:\/\/millitv.net\/index.php?rest_route=\/wp\/v2\/types\/post"}],"author":[{"embeddable":true,"href":"https:\/\/millitv.net\/index.php?rest_route=\/wp\/v2\/users\/1"}],"replies":[{"embeddable":true,"href":"https:\/\/millitv.net\/index.php?rest_route=%2Fwp%2Fv2%2Fcomments&post=8946"}],"version-history":[{"count":0,"href":"https:\/\/millitv.net\/index.php?rest_route=\/wp\/v2\/posts\/8946\/revisions"}],"wp:featuredmedia":[{"embeddable":true,"href":"https:\/\/millitv.net\/index.php?rest_route=\/wp\/v2\/media\/8947"}],"wp:attachment":[{"href":"https:\/\/millitv.net\/index.php?rest_route=%2Fwp%2Fv2%2Fmedia&parent=8946"}],"wp:term":[{"taxonomy":"category","embeddable":true,"href":"https:\/\/millitv.net\/index.php?rest_route=%2Fwp%2Fv2%2Fcategories&post=8946"},{"taxonomy":"post_tag","embeddable":true,"href":"https:\/\/millitv.net\/index.php?rest_route=%2Fwp%2Fv2%2Ftags&post=8946"}],"curies":[{"name":"wp","href":"https:\/\/api.w.org\/{rel}","templated":true}]}}