{"id":8925,"date":"2023-11-18T18:37:06","date_gmt":"2023-11-18T18:37:06","guid":{"rendered":"https:\/\/millinews.az\/?p=8925"},"modified":"2023-11-18T18:37:07","modified_gmt":"2023-11-18T18:37:07","slug":"61-yasli-nail%C9%99-islamzad%C9%99-goz%C9%99lliyi-il%C9%99-heyran-etdi-video","status":"publish","type":"post","link":"https:\/\/millitv.net\/?p=8925","title":{"rendered":"61 ya\u015fl\u0131 Nail\u0259 \u0130slamzad\u0259 g\u00f6z\u0259lliyi il\u0259 heyran etdi &#8211; V\u0130DEO"},"content":{"rendered":"\n<p>Tan\u0131nm\u0131\u015f televiziya apar\u0131c\u0131s\u0131, \u0259m\u0259kdar artist Nail\u0259 \u0130slamzad\u0259 hesab edir ki, g\u00f6z\u0259l oldu\u011funa inanan qad\u0131nlar ya\u015f kompleksi ke\u00e7irmir.<\/p>\n\n\n\n<p>Bu bar\u0259d\u0259 instaqramda video payla\u015fan 61 ya\u015fl\u0131 m\u0259\u015fhur fonda Ajda Pekkan\u0131n &#8220;H\u0259r ya\u015f\u0131n \u00f6z g\u00f6z\u0259lliyi var&#8221; mahn\u0131s\u0131n\u0131 qoyub.<\/p>\n\n\n\n<p>Qad\u0131n-m\u00fcdrikliyin, z\u0259rifliyin, bax\u0131ml\u0131l\u0131\u011f\u0131n qat-qat c\u0259lbedici oldu\u011funu ba\u015fa d\u00fc\u015fs\u0259, ya\u015f\u0131n\u0131 he\u00e7 vaxt gizl\u0259m\u0259z v\u0259 azaltmaz&#8221;, &#8211; apar\u0131c\u0131 vur\u011fulay\u0131b.<\/p>\n\n\n\n<p>M\u0259lumat \u00fc\u00e7\u00fcn bildir\u0259k ki, Nail\u0259 \u0130slamzad\u0259 idman v\u0259 sa\u011flam qidalanma say\u0259sind\u0259 formas\u0131n\u0131 qoruyub saxlay\u0131r. O, bu bar\u0259d\u0259 \u00e7\u0131x\u0131\u015flar\u0131nda v\u0259 m\u00fcsahib\u0259l\u0259rind\u0259 dan\u0131\u015f\u0131b.\u00a0(publika)<\/p>\n","protected":false},"excerpt":{"rendered":"<p>Tan\u0131nm\u0131\u015f televiziya apar\u0131c\u0131s\u0131, \u0259m\u0259kdar artist Nail\u0259 \u0130slamzad\u0259 hesab edir ki, g\u00f6z\u0259l oldu\u011funa inanan qad\u0131nlar ya\u015f kompleksi ke\u00e7irmir. Bu bar\u0259d\u0259 instaqramda video payla\u015fan 61 ya\u015fl\u0131 m\u0259\u015fhur fonda Ajda Pekkan\u0131n &#8220;H\u0259r ya\u015f\u0131n \u00f6z g\u00f6z\u0259lliyi var&#8221; mahn\u0131s\u0131n\u0131 qoyub. Qad\u0131n-m\u00fcdrikliyin, z\u0259rifliyin, bax\u0131ml\u0131l\u0131\u011f\u0131n qat-qat c\u0259lbedici oldu\u011funu ba\u015fa d\u00fc\u015fs\u0259, ya\u015f\u0131n\u0131 he\u00e7 vaxt gizl\u0259m\u0259z v\u0259 azaltmaz&#8221;, &#8211; apar\u0131c\u0131 vur\u011fulay\u0131b. M\u0259lumat \u00fc\u00e7\u00fcn bildir\u0259k &hellip;<\/p>\n","protected":false},"author":1,"featured_media":8895,"comment_status":"open","ping_status":"closed","sticky":false,"template":"","format":"standard","meta":{"footnotes":""},"categories":[6],"tags":[],"class_list":["post-8925","post","type-post","status-publish","format-standard","has-post-thumbnail","hentry","category-maqazin"],"_links":{"self":[{"href":"https:\/\/millitv.net\/index.php?rest_route=\/wp\/v2\/posts\/8925","targetHints":{"allow":["GET"]}}],"collection":[{"href":"https:\/\/millitv.net\/index.php?rest_route=\/wp\/v2\/posts"}],"about":[{"href":"https:\/\/millitv.net\/index.php?rest_route=\/wp\/v2\/types\/post"}],"author":[{"embeddable":true,"href":"https:\/\/millitv.net\/index.php?rest_route=\/wp\/v2\/users\/1"}],"replies":[{"embeddable":true,"href":"https:\/\/millitv.net\/index.php?rest_route=%2Fwp%2Fv2%2Fcomments&post=8925"}],"version-history":[{"count":0,"href":"https:\/\/millitv.net\/index.php?rest_route=\/wp\/v2\/posts\/8925\/revisions"}],"wp:featuredmedia":[{"embeddable":true,"href":"https:\/\/millitv.net\/index.php?rest_route=\/wp\/v2\/media\/8895"}],"wp:attachment":[{"href":"https:\/\/millitv.net\/index.php?rest_route=%2Fwp%2Fv2%2Fmedia&parent=8925"}],"wp:term":[{"taxonomy":"category","embeddable":true,"href":"https:\/\/millitv.net\/index.php?rest_route=%2Fwp%2Fv2%2Fcategories&post=8925"},{"taxonomy":"post_tag","embeddable":true,"href":"https:\/\/millitv.net\/index.php?rest_route=%2Fwp%2Fv2%2Ftags&post=8925"}],"curies":[{"name":"wp","href":"https:\/\/api.w.org\/{rel}","templated":true}]}}