{"id":8886,"date":"2023-11-11T19:34:57","date_gmt":"2023-11-11T19:34:57","guid":{"rendered":"https:\/\/millinews.az\/xeber\/az%C9%99rbaycan-xin-d%C9%99n-iranin-erm%C9%99nistandaki-s%C9%99firin%C9%99-cavab\/"},"modified":"2023-11-11T19:34:57","modified_gmt":"2023-11-11T19:34:57","slug":"az%C9%99rbaycan-xin-d%C9%99n-iranin-erm%C9%99nistandaki-s%C9%99firin%C9%99-cavab","status":"publish","type":"post","link":"https:\/\/millitv.net\/?p=8886","title":{"rendered":"Az\u0259rbaycan X\u0130N-d\u0259n \u0130ran\u0131n Erm\u0259nistandak\u0131 s\u0259firin\u0259 CAVAB"},"content":{"rendered":"<div id=\"maincontent\">&#13;<br \/>\n        &#13;<\/p>\n<p><strong>\u0130ran \u0130slam Respublikas\u0131n\u0131n Erm\u0259nistan Respublikas\u0131ndak\u0131 s\u0259firi Mehdi S\u00fcbhaninin Erm\u0259nistan\u0131n \u201cCivil Net\u201d platformas\u0131na verdiyi m\u00fcsahib\u0259 zaman\u0131 s\u0259sl\u0259ndirdiyi t\u0259xribat xarakterli \u0259sass\u0131z fikirl\u0259ri q\u0259tiyy\u0259tl\u0259 pisl\u0259yirik.<\/strong><\/p>\n<p><a href=\"https:\/\/Millinews.az\" target=\"_blank\" class=\"kw-link\" rel=\"noopener\">Millinews.az<\/a> x\u0259b\u0259r verir ki, bu bar\u0259d\u0259 Xarici \u0130\u015fl\u0259r Nazirliyinin M\u0259tbuat xidm\u0259ti idar\u0259sinin r\u0259isi, m\u0259tbuat katibi Ayxan Hac\u0131zad\u0259nin \u0130ran\u0131n Erm\u0259nistandak\u0131 s\u0259firi Mehdi S\u00fcbhaninin s\u0259sl\u0259ndirdiyi q\u0259r\u0259zli fikirl\u0259r\u0259 dair \u015f\u0259rhind\u0259 bildirib. &#13;\n<\/p>\n<p>Onun s\u00f6zl\u0259rin\u0259 g\u00f6r\u0259, Az\u0259rbaycan v\u0259 \u0130ran aras\u0131nda bir-birinin \u0259razi b\u00fct\u00f6vl\u00fcy\u00fc v\u0259 suverenliyin\u0259 qar\u015f\u0131l\u0131ql\u0131 h\u00f6rm\u0259t\u0259 \u0259saslanan m\u00fcnasib\u0259tl\u0259r\u0259 x\u0259l\u0259l g\u0259tir\u0259n bu fikirl\u0259r eyni zamanda, iki \u00f6lk\u0259nin prezidenti aras\u0131nda 9 noyabr 2023-c\u00fc il tarixind\u0259 Da\u015fk\u0259ndd\u0259 ba\u015f tutmu\u015f g\u00f6r\u00fc\u015f zaman\u0131 \u0130ran Prezidenti t\u0259r\u0259find\u0259n s\u0259sl\u0259ndiril\u0259n fikirl\u0259rl\u0259 ziddiyy\u0259t t\u0259\u015fkil edir. Bel\u0259 ki, s\u00f6z\u00fcged\u0259n g\u00f6r\u00fc\u015f zaman\u0131 \u0130ran \u0130slam Respublikas\u0131n\u0131n Prezidenti Seyid \u0130brahim R\u0259isi Az\u0259rbaycan\u0131n uzun ill\u0259rd\u0259n sonra \u00f6z \u0259razi b\u00fct\u00f6vl\u00fcy\u00fcn\u00fc t\u0259min etdiyini, Qaraba\u011f\u0131n yenid\u0259n Az\u0259rbaycana qovu\u015fdu\u011funu sevincl\u0259 qeyd edib.<\/p>\n<p>S\u00f6z\u00e7\u00fcs\u00fc vur\u011fulay\u0131b ki, \u0130ran Prezidentinin s\u00f6zl\u0259ri, habel\u0259 son d\u00f6vrl\u0259rd\u0259 Az\u0259rbaycan v\u0259 \u0130ran aras\u0131nda ikit\u0259r\u0259fli m\u00fcnasib\u0259tl\u0259rin inki\u015faf\u0131nda m\u00fcsb\u0259t dinamikan\u0131n fonunda \u0130ran s\u0259firinin \u0259razi b\u00fct\u00f6vl\u00fcy\u00fcm\u00fcz v\u0259 suverenliyimiz\u0259 qar\u015f\u0131 s\u0259sl\u0259ndirdiyi fikirl\u0259ri t\u0259xribat kimi qiym\u0259tl\u0259ndiririk.<\/p>\n<p>\u0130ran t\u0259r\u0259find\u0259n is\u0259 m\u00fcnasib\u0259tl\u0259rimizin ruhuna uy\u011fun olmayan bu kimi add\u0131mlar\u0131n qar\u015f\u0131s\u0131n\u0131n al\u0131nmas\u0131n\u0131, habel\u0259 s\u0259fir t\u0259r\u0259find\u0259n s\u0259sl\u0259ndirilmi\u015f fikirl\u0259rl\u0259 ba\u011fl\u0131 \u0130ran t\u0259r\u0259find\u0259n m\u00fcvafiq add\u0131mlar at\u0131laca\u011f\u0131n\u0131 g\u00f6zl\u0259yirik.&#13;<br \/>\n        &#13;<br \/>\n&#13;<br \/>\n        &#13;<br \/>\n&#13;\n        <\/p>\n<p><noscript><\/p>\n<p>You must enable Javascript on your browser for the site to work optimally and display sections completely.<\/p>\n<p><\/noscript>\t\t&#13;<br \/>\n\t\t&#13;\n    <\/div>\n<p><script type=\"text\/javascript\">jQuery(document).ready(function () {\n(function(d, s, id) {\n    var js, fjs = d.getElementsByTagName(s)[0];\n    if (d.getElementById(id))\n        return;\n    js = d.createElement(s);\n    js.id = id;\n    js.src = \"\/\/connect.facebook.net\/az_AZ\/all.js#xfbml=1&appId=1002485763137712\";\n    fjs.parentNode.insertBefore(js, fjs);\n}(document, 'script', 'facebook-jssdk'));                \n});<\/script><\/p>\n","protected":false},"excerpt":{"rendered":"<p>&#13; &#13; \u0130ran \u0130slam Respublikas\u0131n\u0131n Erm\u0259nistan Respublikas\u0131ndak\u0131 s\u0259firi Mehdi S\u00fcbhaninin Erm\u0259nistan\u0131n \u201cCivil Net\u201d platformas\u0131na verdiyi m\u00fcsahib\u0259 zaman\u0131 s\u0259sl\u0259ndirdiyi t\u0259xribat xarakterli \u0259sass\u0131z fikirl\u0259ri q\u0259tiyy\u0259tl\u0259 pisl\u0259yirik. Millinews.az x\u0259b\u0259r verir ki, bu bar\u0259d\u0259 Xarici \u0130\u015fl\u0259r Nazirliyinin M\u0259tbuat xidm\u0259ti idar\u0259sinin r\u0259isi, m\u0259tbuat katibi Ayxan Hac\u0131zad\u0259nin \u0130ran\u0131n Erm\u0259nistandak\u0131 s\u0259firi Mehdi S\u00fcbhaninin s\u0259sl\u0259ndirdiyi q\u0259r\u0259zli fikirl\u0259r\u0259 dair \u015f\u0259rhind\u0259 bildirib. &#13; Onun s\u00f6zl\u0259rin\u0259 &hellip;<\/p>\n","protected":false},"author":1,"featured_media":8887,"comment_status":"open","ping_status":"closed","sticky":false,"template":"","format":"standard","meta":{"footnotes":""},"categories":[9],"tags":[],"class_list":["post-8886","post","type-post","status-publish","format-standard","has-post-thumbnail","hentry","category-xeber"],"_links":{"self":[{"href":"https:\/\/millitv.net\/index.php?rest_route=\/wp\/v2\/posts\/8886","targetHints":{"allow":["GET"]}}],"collection":[{"href":"https:\/\/millitv.net\/index.php?rest_route=\/wp\/v2\/posts"}],"about":[{"href":"https:\/\/millitv.net\/index.php?rest_route=\/wp\/v2\/types\/post"}],"author":[{"embeddable":true,"href":"https:\/\/millitv.net\/index.php?rest_route=\/wp\/v2\/users\/1"}],"replies":[{"embeddable":true,"href":"https:\/\/millitv.net\/index.php?rest_route=%2Fwp%2Fv2%2Fcomments&post=8886"}],"version-history":[{"count":0,"href":"https:\/\/millitv.net\/index.php?rest_route=\/wp\/v2\/posts\/8886\/revisions"}],"wp:featuredmedia":[{"embeddable":true,"href":"https:\/\/millitv.net\/index.php?rest_route=\/wp\/v2\/media\/8887"}],"wp:attachment":[{"href":"https:\/\/millitv.net\/index.php?rest_route=%2Fwp%2Fv2%2Fmedia&parent=8886"}],"wp:term":[{"taxonomy":"category","embeddable":true,"href":"https:\/\/millitv.net\/index.php?rest_route=%2Fwp%2Fv2%2Fcategories&post=8886"},{"taxonomy":"post_tag","embeddable":true,"href":"https:\/\/millitv.net\/index.php?rest_route=%2Fwp%2Fv2%2Ftags&post=8886"}],"curies":[{"name":"wp","href":"https:\/\/api.w.org\/{rel}","templated":true}]}}