{"id":8871,"date":"2023-11-11T16:56:25","date_gmt":"2023-11-11T16:56:25","guid":{"rendered":"https:\/\/millinews.az\/xeber\/ceyhun-bayramov-q%C9%99zzada-deeskalasiyaya-cagirdi\/"},"modified":"2023-11-11T16:56:25","modified_gmt":"2023-11-11T16:56:25","slug":"ceyhun-bayramov-q%C9%99zzada-deeskalasiyaya-cagirdi","status":"publish","type":"post","link":"https:\/\/millitv.net\/?p=8871","title":{"rendered":"Ceyhun Bayramov Q\u0259zzada deeskalasiyaya \u00e7a\u011f\u0131rd\u0131"},"content":{"rendered":"<div id=\"maincontent\">&#13;<br \/>\n        &#13;<\/p>\n<p><strong>11 noyabr 2023-c\u00fc il tarixind\u0259 Az\u0259rbaycan Respublikas\u0131n\u0131n xarici i\u015fl\u0259r naziri Ceyhun Bayramov S\u0259udiyy\u0259 \u018fr\u0259bistan\u0131na i\u015fg\u00fczar s\u0259f\u0259ri \u00e7\u0259r\u00e7iv\u0259sind\u0259 Birg\u0259 \u018fr\u0259b \u0130slam F\u00f6vq\u0259lad\u0259 Sammitind\u0259 i\u015ftirak v\u0259 \u00e7\u0131x\u0131\u015f edib.<\/strong><\/p>\n<p>X\u0130N-d\u0259n <a href=\"https:\/\/Millinews.az\" target=\"_blank\" class=\"kw-link\" rel=\"noopener\">Millinews.az<\/a>-a bildirilib ki, \u00e7\u0131x\u0131\u015f\u0131nda nazir Ceyhun Bayramov \u0130srail-F\u0259l\u0259stin m\u00fcnaqi\u015f\u0259 zonas\u0131nda m\u00f6vcud g\u0259rginliyin davam etm\u0259sinin, x\u00fcsusil\u0259 m\u00fclki \u015f\u0259xsl\u0259rin haz\u0131rki eskalasiyadan \u0259n \u00e7ox \u0259ziyy\u0259t \u00e7\u0259k\u0259n t\u0259r\u0259f olmas\u0131n\u0131n ciddi narahatl\u0131q do\u011furdu\u011funu vur\u011fulay\u0131b. \u00d6lk\u0259miz ad\u0131ndan m\u00fcnaqi\u015f\u0259 qurbanlar\u0131n\u0131n ail\u0259l\u0259rin\u0259 ba\u015fsa\u011fl\u0131\u011f\u0131 ifad\u0259 olunub. &#13;\n<\/p>\n<p>Az\u0259rbaycan\u0131n v\u0259ziyy\u0259tin t\u0259cili deeskalasiyas\u0131, habel\u0259 h\u0259rbi \u0259m\u0259liyyatlar\u0131n t\u0259xir\u0259sal\u0131nmaz \u015f\u0259kild\u0259 dayand\u0131r\u0131lmas\u0131 istiqam\u0259tind\u0259 \u00e7a\u011f\u0131r\u0131\u015flara qo\u015fuldu\u011fu, h\u0259m\u00e7inin b\u00fct\u00fcn Yax\u0131n \u015e\u0259rq b\u00f6lg\u0259si \u00fc\u00e7\u00fcn h\u0259ssas olan m\u00f6vcud v\u0259ziyy\u0259ti daha da a\u011f\u0131rla\u015fd\u0131ra bil\u0259c\u0259k davran\u0131\u015flardan \u00e7\u0259kinilm\u0259sinin vacibliyi vur\u011fulan\u0131b. Bu istiqam\u0259td\u0259, beyn\u0259lxalq ictimaiyy\u0259tin b\u00fct\u00fcn s\u0259yl\u0259rinin s\u0259f\u0259rb\u0259r edilm\u0259sinin \u0259h\u0259miyy\u0259t da\u015f\u0131d\u0131\u011f\u0131 diqq\u0259t\u0259 \u00e7atd\u0131r\u0131l\u0131b.<\/p>\n<p>Nazir Ceyhun Bayramov \u0130srail-F\u0259l\u0259stin m\u00fcnaqi\u015f\u0259sinin beyn\u0259lxalq h\u00fcquq normalar\u0131 v\u0259 Birl\u0259\u015fmi\u015f Mill\u0259tl\u0259r T\u0259\u015fkilat\u0131n\u0131n (BMT) m\u00fcvafiq q\u0259tnam\u0259l\u0259rin\u0259 uy\u011fun olaraq, iki d\u00f6vl\u0259t prinsipi \u0259sas\u0131nda h\u0259llini d\u0259st\u0259kl\u0259diyini bir daha diqq\u0259t\u0259 \u00e7atd\u0131r\u0131b.<\/p>\n<p>F\u0259l\u0259stin m\u0259s\u0259l\u0259sinin \u0259dal\u0259tli h\u0259llini tapmas\u0131, o c\u00fcml\u0259d\u0259n m\u00fcnaqi\u015f\u0259nin n\u0259tic\u0259l\u0259rinin aradan qald\u0131r\u0131lmas\u0131 istiqam\u0259tind\u0259 g\u00f6st\u0259ril\u0259n s\u0259yl\u0259r\u0259 \u00f6lk\u0259mizin aktiv \u015f\u0259kild\u0259 t\u00f6hf\u0259 verdiyi, Qo\u015fulmama H\u0259r\u0259kat\u0131na s\u0259drliyimiz d\u00f6vr\u00fcnd\u0259 m\u0259s\u0259l\u0259y\u0259 g\u00f6st\u0259rdiyimiz h\u0259ssasl\u0131q, habel\u0259 BMT-nin m\u00fcvafiq ixtisasla\u015fm\u0131\u015f qurumlar\u0131 vasit\u0259sil\u0259 F\u0259l\u0259stin xalq\u0131n\u0131n humanitar ehtiyaclar\u0131n\u0131n \u00f6d\u0259nm\u0259si istiqam\u0259tind\u0259 edil\u0259n yard\u0131mlar qeyd olunub. \u00d6lk\u0259mizin F\u0259l\u0259stin D\u00f6vl\u0259tind\u0259 (Ramallah \u015f\u0259h\u0259rind\u0259) T\u0259msil\u00e7ilik Ofisi t\u0259sis etm\u0259sinin bu istiqam\u0259td\u0259 \u0259m\u0259kda\u015fl\u0131\u011fa daha yax\u0131ndan t\u00f6hf\u0259 ver\u0259c\u0259yi diqq\u0259t\u0259 \u00e7atd\u0131r\u0131l\u0131b. Az\u0259rbaycan\u0131n F\u0259l\u0259stin xalq\u0131na humanitar d\u0259st\u0259yi bundan sonra da davam etdir\u0259c\u0259yi bildirilib.<\/p>\n<p>Son d\u00f6vrd\u0259 regionda v\u0259 d\u00fcnyada ba\u015f ver\u0259n hadis\u0259l\u0259r, m\u00f6vcud qeyri-sabitliyin birba\u015fa olaraq beyn\u0259lxalq h\u00fcququn t\u0259tbiqind\u0259 ikili standartlar problemind\u0259n qaynaqland\u0131\u011f\u0131, bu istiqam\u0259td\u0259 beyn\u0259lxalq t\u0259\u015fkilatlar, o c\u00fcml\u0259d\u0259n BMT sistemind\u0259 islahatlar\u0131n z\u0259ruri oldu\u011fu vur\u011fulan\u0131b.<\/p>\n<p>Nazir Ceyhun Bayramov, 30 il\u0259 yax\u0131n m\u00fcdd\u0259t \u0259rzind\u0259 Erm\u0259nistan\u0131n h\u0259rbi i\u015f\u011fal\u0131 v\u0259 m\u00fcnaqi\u015f\u0259d\u0259n \u0259ziyy\u0259t \u00e7\u0259k\u0259n bir \u00f6lk\u0259 kimi \u0130slam \u018fm\u0259kda\u015fl\u0131q T\u0259\u015fkilat\u0131n\u0131n d\u0259st\u0259k v\u0259 h\u0259mr\u0259yliyini yax\u0131ndan hiss etdiyimizi bildirib. M\u00fcnaqi\u015f\u0259 zaman\u0131, habel\u0259 post-m\u00fcnaqi\u015f\u0259 d\u00f6vr\u00fcnd\u0259 bir s\u0131ra beyn\u0259lxalq t\u0259\u015fkilatlar\u0131n ikili standartlar\u0131 il\u0259 \u00fczl\u0259\u015fdiyimiz bir vaxtda g\u00f6st\u0259ril\u0259n \u0259dal\u0259tli m\u00f6vqey\u0259 g\u00f6r\u0259 t\u0259\u015f\u0259kk\u00fcr edilib.<\/p>\n<p>\u018frazil\u0259rimizin qanunsuz i\u015f\u011fal\u0131na son qoyan 44 g\u00fcnl\u00fck V\u0259t\u0259n m\u00fcharib\u0259sind\u0259n sonra cari ilin 19-20 sentyabr tarixl\u0259rind\u0259 t\u0259r\u0259fimizd\u0259n g\u00f6r\u00fcl\u0259n anti-terror t\u0259dbirl\u0259ri n\u0259tic\u0259sind\u0259 Qaraba\u011f b\u00f6lg\u0259sind\u0259 i\u015f\u011fal d\u00f6vr\u00fcn\u00fcn qal\u0131qlar\u0131 olan erm\u0259ni silahl\u0131 q\u00fcvv\u0259l\u0259rinin m\u00f6vcudlu\u011funa son qoyuldu\u011fu, bununla da b\u00f6lg\u0259d\u0259 s\u00fclh v\u0259 reinteqrasiya istiqam\u0259tind\u0259 yeni imkanlar\u0131n yarand\u0131\u011f\u0131 diqq\u0259t\u0259 \u00e7atd\u0131r\u0131l\u0131b.<\/p>\n<p>T\u0259dbirin sonunda birg\u0259 komm\u00fcnike q\u0259bul edilib.&#13;<br \/>\n        &#13;<br \/>\n&#13;<br \/>\n        &#13;<br \/>\n&#13;\n        <\/p>\n<p><noscript><\/p>\n<p>You must enable Javascript on your browser for the site to work optimally and display sections completely.<\/p>\n<p><\/noscript>\t\t&#13;<br \/>\n\t\t&#13;\n    <\/div>\n<p><script type=\"text\/javascript\">jQuery(document).ready(function () {\n(function(d, s, id) {\n    var js, fjs = d.getElementsByTagName(s)[0];\n    if (d.getElementById(id))\n        return;\n    js = d.createElement(s);\n    js.id = id;\n    js.src = \"\/\/connect.facebook.net\/az_AZ\/all.js#xfbml=1&appId=1002485763137712\";\n    fjs.parentNode.insertBefore(js, fjs);\n}(document, 'script', 'facebook-jssdk'));                \n$('.fancybox').fancybox();\n});<\/script><\/p>\n","protected":false},"excerpt":{"rendered":"<p>&#13; &#13; 11 noyabr 2023-c\u00fc il tarixind\u0259 Az\u0259rbaycan Respublikas\u0131n\u0131n xarici i\u015fl\u0259r naziri Ceyhun Bayramov S\u0259udiyy\u0259 \u018fr\u0259bistan\u0131na i\u015fg\u00fczar s\u0259f\u0259ri \u00e7\u0259r\u00e7iv\u0259sind\u0259 Birg\u0259 \u018fr\u0259b \u0130slam F\u00f6vq\u0259lad\u0259 Sammitind\u0259 i\u015ftirak v\u0259 \u00e7\u0131x\u0131\u015f edib. X\u0130N-d\u0259n Millinews.az-a bildirilib ki, \u00e7\u0131x\u0131\u015f\u0131nda nazir Ceyhun Bayramov \u0130srail-F\u0259l\u0259stin m\u00fcnaqi\u015f\u0259 zonas\u0131nda m\u00f6vcud g\u0259rginliyin davam etm\u0259sinin, x\u00fcsusil\u0259 m\u00fclki \u015f\u0259xsl\u0259rin haz\u0131rki eskalasiyadan \u0259n \u00e7ox \u0259ziyy\u0259t \u00e7\u0259k\u0259n t\u0259r\u0259f olmas\u0131n\u0131n ciddi &hellip;<\/p>\n","protected":false},"author":1,"featured_media":8872,"comment_status":"open","ping_status":"closed","sticky":false,"template":"","format":"standard","meta":{"footnotes":""},"categories":[9],"tags":[],"class_list":["post-8871","post","type-post","status-publish","format-standard","has-post-thumbnail","hentry","category-xeber"],"_links":{"self":[{"href":"https:\/\/millitv.net\/index.php?rest_route=\/wp\/v2\/posts\/8871","targetHints":{"allow":["GET"]}}],"collection":[{"href":"https:\/\/millitv.net\/index.php?rest_route=\/wp\/v2\/posts"}],"about":[{"href":"https:\/\/millitv.net\/index.php?rest_route=\/wp\/v2\/types\/post"}],"author":[{"embeddable":true,"href":"https:\/\/millitv.net\/index.php?rest_route=\/wp\/v2\/users\/1"}],"replies":[{"embeddable":true,"href":"https:\/\/millitv.net\/index.php?rest_route=%2Fwp%2Fv2%2Fcomments&post=8871"}],"version-history":[{"count":0,"href":"https:\/\/millitv.net\/index.php?rest_route=\/wp\/v2\/posts\/8871\/revisions"}],"wp:featuredmedia":[{"embeddable":true,"href":"https:\/\/millitv.net\/index.php?rest_route=\/wp\/v2\/media\/8872"}],"wp:attachment":[{"href":"https:\/\/millitv.net\/index.php?rest_route=%2Fwp%2Fv2%2Fmedia&parent=8871"}],"wp:term":[{"taxonomy":"category","embeddable":true,"href":"https:\/\/millitv.net\/index.php?rest_route=%2Fwp%2Fv2%2Fcategories&post=8871"},{"taxonomy":"post_tag","embeddable":true,"href":"https:\/\/millitv.net\/index.php?rest_route=%2Fwp%2Fv2%2Ftags&post=8871"}],"curies":[{"name":"wp","href":"https:\/\/api.w.org\/{rel}","templated":true}]}}