{"id":8858,"date":"2023-11-11T15:06:11","date_gmt":"2023-11-11T15:06:11","guid":{"rendered":"https:\/\/millinews.az\/xeber\/lacinda-5-fabrik-acilib-430-n%C9%99f%C9%99r-isl%C9%99-t%C9%99min-olunub\/"},"modified":"2023-11-11T15:06:11","modified_gmt":"2023-11-11T15:06:11","slug":"lacinda-5-fabrik-acilib-430-n%C9%99f%C9%99r-isl%C9%99-t%C9%99min-olunub","status":"publish","type":"post","link":"https:\/\/millitv.net\/?p=8858","title":{"rendered":"La\u00e7\u0131nda 5 fabrik a\u00e7\u0131l\u0131b, 430 n\u0259f\u0259r i\u015fl\u0259 t\u0259min olunub"},"content":{"rendered":"<div id=\"maincontent\">&#13;<br \/>\n        &#13;<\/p>\n<p><strong>\u201cLa\u00e7\u0131nda apar\u0131lan i\u015fl\u0259r s\u00fcr\u0259tl\u0259 davam etdirilir. Rayon sakinl\u0259rinin \u0259m\u0259k f\u0259aliyy\u0259ti \u00fc\u00e7\u00fcn d\u0259 i\u015fl\u0259r g\u00f6r\u00fcl\u00fcb\u201d.<\/strong><\/p>\n<p><strong\/><a href=\"https:\/\/Millinews.az\" target=\"_blank\" class=\"kw-link\" rel=\"noopener\">Millinews.az<\/a> Report-a istinadla x\u0259b\u0259r verir ki, \u201cBak\u0131 Abadl\u0131q Xidm\u0259ti\u201d MMC-nin n\u00fcmay\u0259nd\u0259si Aqil S\u0259f\u0259r\u0259liyev bildirib. &#13;\n<\/p>\n<p>Onun s\u00f6zl\u0259rin\u0259 g\u00f6r\u0259, La\u00e7\u0131nda haz\u0131rda 712 tikilid\u0259 i\u015fl\u0259r davam etdirilir: \u201cOnlardan 9-u \u00e7oxm\u0259nzilli binad\u0131r. Apar\u0131lan abadl\u0131q t\u0259dbirl\u0259ri \u00e7\u0259r\u00e7iv\u0259sind\u0259 qeyri-ya\u015fay\u0131\u015f obyektl\u0259ri v\u0259 kommunikasiyalarla ba\u011fl\u0131 da i\u015fl\u0259r g\u00f6r\u00fcl\u00fcb. \u015e\u0259h\u0259rd\u0259 75 qeyri-ya\u015fay\u0131\u015f obyekti, h\u0259m\u00e7inin kommunikasiya x\u0259tl\u0259rinin ham\u0131s\u0131 \u2013 t\u0259bii qaz, su, i\u015f\u0131q v\u0259 rabit\u0259 x\u0259tl\u0259ri tamamil\u0259 yenid\u0259n \u00e7\u0259kilib. Bundan \u0259lav\u0259, \u00fcmumi kanalizasiya sisteminin in\u015fas\u0131 ba\u015fa \u00e7atd\u0131r\u0131l\u0131b. \u015e\u0259h\u0259r b\u00fct\u00fcnl\u00fckl\u0259 i\u015f\u0131qland\u0131rma sistem il\u0259 t\u0259chiz edilib. \u00dcmumilikd\u0259 \u015f\u0259h\u0259r infrastrukturu il\u0259 ba\u011fl\u0131 i\u015fl\u0259rin 80 faizi tamamlan\u0131b\u201d.<\/p>\n<p>A.S\u0259f\u0259r\u0259liyev La\u00e7\u0131nda g\u00f6r\u00fcl\u0259n i\u015fl\u0259r \u00e7\u0259r\u00e7iv\u0259sind\u0259 buraya k\u00f6\u00e7\u00fcr\u00fcl\u0259n ail\u0259l\u0259rin \u0259sas m\u0259\u015f\u011fuliyy\u0259ti v\u0259 \u0259m\u0259k f\u0259aliyy\u0259ti bar\u0259d\u0259 d\u0259 dan\u0131\u015f\u0131b. O bildirib ki, haz\u0131rda La\u00e7\u0131nda ya\u015fayan ail\u0259l\u0259rin \u0259m\u0259k m\u0259\u015f\u011fuliyy\u0259ti sah\u0259sind\u0259 i\u015fl\u0259r g\u00f6r\u00fcl\u00fcr: \u201cBu istiqam\u0259td\u0259 b\u0259zi sah\u0259l\u0259r \u00fczr\u0259 i\u015fl\u0259r yekunla\u015fmaq \u00fczr\u0259dir. Bel\u0259 ki, rayonun Zerti k\u0259ndi \u0259razisind\u0259 yarad\u0131lan aqroparkda 50-y\u0259 yax\u0131n fabrik v\u0259 m\u00fc\u0259ssis\u0259nin yarad\u0131lmas\u0131 n\u0259z\u0259rd\u0259 tutulub. Bak\u0131 Abadl\u0131q Xidm\u0259ti t\u0259r\u0259find\u0259n in\u015fa olunan bu s\u0259naye m\u00fc\u0259ssis\u0259l\u0259ri il\u0259 la\u00e7\u0131nl\u0131 ail\u0259l\u0259r daimi i\u015fl\u0259 t\u0259min olunacaq. Art\u0131q aqroparkda mebel v\u0259 yun emal\u0131 m\u00fc\u0259ssis\u0259si daxil olmaqla, 5 fabrik f\u0259aliyy\u0259t\u0259 ba\u015flay\u0131b. 50-y\u0259 yax\u0131n m\u00fc\u0259ssis\u0259nin istismara verilm\u0259si il\u0259 1200-1300 n\u0259f\u0259r La\u00e7\u0131n \u015f\u0259h\u0259r sakini i\u015fl\u0259 t\u0259min olunacaq. Haz\u0131rda f\u0259aliyy\u0259t\u0259 ba\u015flayan m\u00fc\u0259ssis\u0259l\u0259rd\u0259 430 n\u0259f\u0259r La\u00e7\u0131n sakini i\u015fl\u0259yir\u201d.<\/p>\n<p>\u201cBak\u0131 Abadl\u0131q Xidm\u0259ti\u201d MMC-nin n\u00fcmay\u0259nd\u0259si s\u00f6yl\u0259yib ki, Zerti Aqro v\u0259 S\u0259naye Park\u0131nda yerl\u0259\u015f\u0259n \u201cZootopia\u201d (qoyun v\u0259 ke\u00e7i saxlama m\u0259nt\u0259q\u0259si), \u201cF\u0259yaz ba\u011f\u0131\u201d (istixanalar), \u201cGusto\u201d (\u0259t k\u0259simxanas\u0131), \u201cH\u0259k\u0259ri&#8221; (bal\u0131q t\u0259s\u0259rr\u00fcfat\u0131), \u201cAyd\u0131no\u011flu\u201d (mebel fabriki) f\u0259aliyy\u0259t g\u00f6st\u0259r\u0259c\u0259k.<\/p>\n<p>O bildirib ki, La\u00e7\u0131n da\u011fl\u0131q \u0259razid\u0259 yerl\u0259\u015fdiyi \u00fc\u00e7\u00fcn burada havalar tez soyuyur: \u201cBu amil n\u0259z\u0259r\u0259 al\u0131naraq \u0259halinin q\u0131\u015f istilik ehtiyat\u0131 art\u0131q t\u0259min edilib. \u00dcst\u0259lik, La\u00e7\u0131n \u015f\u0259h\u0259ri noyabr\u0131n 8-d\u0259n etibar\u0259n t\u0259bii qazla t\u0259min olunub. Sakinl\u0259rin istifad\u0259sin\u0259 veril\u0259n evl\u0259r\u0259 kombi istilik sisteminin qura\u015fd\u0131r\u0131lmas\u0131 da n\u0259z\u0259rd\u0259 tutulub. Evl\u0259rd\u0259 v\u0259 binalardan istilik sisteml\u0259ri \u0259vv\u0259lc\u0259d\u0259n \u00e7\u0259kilib, otaqlarda q\u0131zd\u0131r\u0131c\u0131lar qura\u015fd\u0131r\u0131l\u0131b\u201d.<\/p>\n<p>Qeyd ed\u0259k ki, La\u00e7\u0131n \u015f\u0259h\u0259rin\u0259 indiy\u0259d\u0259k 315 ail\u0259, y\u0259ni 1205 n\u0259f\u0259r k\u00f6\u00e7\u00fcb. Bu ay La\u00e7\u0131na daha 75 ail\u0259nin qay\u0131tmas\u0131 g\u00f6zl\u0259nilir. Zabux k\u0259ndin\u0259 94 n\u0259f\u0259rlik 21 ail\u0259 geri d\u00f6n\u00fcb. \u00dcmumilikd\u0259 La\u00e7\u0131n rayon \u0259razisin\u0259 336 ail\u0259, y\u0259ni 1299 n\u0259f\u0259r k\u00f6\u00e7\u00fcr\u00fcl\u00fcb.&#13;<br \/>\n        &#13;<br \/>\n&#13;<br \/>\n        &#13;<br \/>\n&#13;\n        <\/p>\n<p><noscript><\/p>\n<p>You must enable Javascript on your browser for the site to work optimally and display sections completely.<\/p>\n<p><\/noscript>\t\t&#13;<br \/>\n\t\t&#13;\n    <\/div>\n<p><script type=\"text\/javascript\">jQuery(document).ready(function () {\n(function(d, s, id) {\n    var js, fjs = d.getElementsByTagName(s)[0];\n    if (d.getElementById(id))\n        return;\n    js = d.createElement(s);\n    js.id = id;\n    js.src = \"\/\/connect.facebook.net\/az_AZ\/all.js#xfbml=1&appId=1002485763137712\";\n    fjs.parentNode.insertBefore(js, fjs);\n}(document, 'script', 'facebook-jssdk'));                \n});<\/script><\/p>\n","protected":false},"excerpt":{"rendered":"<p>&#13; &#13; \u201cLa\u00e7\u0131nda apar\u0131lan i\u015fl\u0259r s\u00fcr\u0259tl\u0259 davam etdirilir. Rayon sakinl\u0259rinin \u0259m\u0259k f\u0259aliyy\u0259ti \u00fc\u00e7\u00fcn d\u0259 i\u015fl\u0259r g\u00f6r\u00fcl\u00fcb\u201d. Millinews.az Report-a istinadla x\u0259b\u0259r verir ki, \u201cBak\u0131 Abadl\u0131q Xidm\u0259ti\u201d MMC-nin n\u00fcmay\u0259nd\u0259si Aqil S\u0259f\u0259r\u0259liyev bildirib. &#13; Onun s\u00f6zl\u0259rin\u0259 g\u00f6r\u0259, La\u00e7\u0131nda haz\u0131rda 712 tikilid\u0259 i\u015fl\u0259r davam etdirilir: \u201cOnlardan 9-u \u00e7oxm\u0259nzilli binad\u0131r. Apar\u0131lan abadl\u0131q t\u0259dbirl\u0259ri \u00e7\u0259r\u00e7iv\u0259sind\u0259 qeyri-ya\u015fay\u0131\u015f obyektl\u0259ri v\u0259 kommunikasiyalarla ba\u011fl\u0131 da &hellip;<\/p>\n","protected":false},"author":1,"featured_media":8859,"comment_status":"open","ping_status":"closed","sticky":false,"template":"","format":"standard","meta":{"footnotes":""},"categories":[9],"tags":[],"class_list":["post-8858","post","type-post","status-publish","format-standard","has-post-thumbnail","hentry","category-xeber"],"_links":{"self":[{"href":"https:\/\/millitv.net\/index.php?rest_route=\/wp\/v2\/posts\/8858","targetHints":{"allow":["GET"]}}],"collection":[{"href":"https:\/\/millitv.net\/index.php?rest_route=\/wp\/v2\/posts"}],"about":[{"href":"https:\/\/millitv.net\/index.php?rest_route=\/wp\/v2\/types\/post"}],"author":[{"embeddable":true,"href":"https:\/\/millitv.net\/index.php?rest_route=\/wp\/v2\/users\/1"}],"replies":[{"embeddable":true,"href":"https:\/\/millitv.net\/index.php?rest_route=%2Fwp%2Fv2%2Fcomments&post=8858"}],"version-history":[{"count":0,"href":"https:\/\/millitv.net\/index.php?rest_route=\/wp\/v2\/posts\/8858\/revisions"}],"wp:featuredmedia":[{"embeddable":true,"href":"https:\/\/millitv.net\/index.php?rest_route=\/wp\/v2\/media\/8859"}],"wp:attachment":[{"href":"https:\/\/millitv.net\/index.php?rest_route=%2Fwp%2Fv2%2Fmedia&parent=8858"}],"wp:term":[{"taxonomy":"category","embeddable":true,"href":"https:\/\/millitv.net\/index.php?rest_route=%2Fwp%2Fv2%2Fcategories&post=8858"},{"taxonomy":"post_tag","embeddable":true,"href":"https:\/\/millitv.net\/index.php?rest_route=%2Fwp%2Fv2%2Ftags&post=8858"}],"curies":[{"name":"wp","href":"https:\/\/api.w.org\/{rel}","templated":true}]}}