{"id":8846,"date":"2023-11-11T12:17:00","date_gmt":"2023-11-11T12:17:00","guid":{"rendered":"https:\/\/millinews.az\/xeber\/guam-in-bas-katibi-ilham-eliyev%C9%99-t%C9%99brik-m%C9%99ktubu-unvanladi\/"},"modified":"2023-11-11T12:17:00","modified_gmt":"2023-11-11T12:17:00","slug":"guam-in-bas-katibi-ilham-eliyev%C9%99-t%C9%99brik-m%C9%99ktubu-unvanladi","status":"publish","type":"post","link":"https:\/\/millitv.net\/?p=8846","title":{"rendered":"GUAM-\u0131n Ba\u015f katibi \u0130lham \u018fliyev\u0259 t\u0259brik m\u0259ktubu \u00fcnvanlad\u0131"},"content":{"rendered":"<div id=\"maincontent\">&#13;<br \/>\n        &#13;<\/p>\n<p><strong>GUAM-\u0131n Ba\u015f katibi Altay \u018ff\u0259ndiyev Az\u0259rbaycan Respublikas\u0131n\u0131n Prezidenti \u0130lham \u018fliyev\u0259 t\u0259brik m\u0259ktubu \u00fcnvanlay\u0131b.<\/strong><\/p>\n<p><a href=\"https:\/\/Millinews.az\" target=\"_blank\" class=\"kw-link\" rel=\"noopener\">Millinews.az<\/a> x\u0259b\u0259r verir ki, m\u0259ktubda deyilir: &#13;\n<\/p>\n<p>&#8220;Zati-alil\u0259ri!<\/p>\n<p>Z\u0259f\u0259r G\u00fcn\u00fc m\u00fcnasib\u0259til\u0259 Sizi v\u0259 Sizin siman\u0131zda Az\u0259rbaycan xalq\u0131n\u0131 Demokratiya v\u0259 \u0130qtisadi \u0130nki\u015faf Namin\u0259 T\u0259\u015fkilat \u2013 GUAM-\u0131n Katibliyi ad\u0131ndan v\u0259 \u015f\u0259xs\u0259n \u00f6z ad\u0131mdan s\u0259mimi-q\u0259lbd\u0259n t\u0259brik edir\u0259m.<\/p>\n<p>Onillikl\u0259r \u0259rzind\u0259 i\u015f\u011fal alt\u0131nda qalm\u0131\u015f Az\u0259rbaycan torpaqlar\u0131 Sizin r\u0259hb\u0259rliyinizl\u0259 \u015fanl\u0131 Silahl\u0131 Q\u00fcvv\u0259l\u0259rin 2020-ci ild\u0259 44 g\u00fcnl\u00fck m\u00fcharib\u0259d\u0259 qazand\u0131\u011f\u0131 tarixi Q\u0259l\u0259b\u0259 n\u0259tic\u0259sind\u0259 azad olundu. Bu q\u0259l\u0259b\u0259 h\u0259m d\u0259<br \/>2023-c\u00fc il sentyabr\u0131n 19-20-d\u0259 h\u0259yata ke\u00e7irilmi\u015f q\u0131sam\u00fcdd\u0259tli antiterror t\u0259dbirl\u0259rind\u0259n sonra \u00f6lk\u0259nin \u0259razi b\u00fct\u00f6vl\u00fcy\u00fcn\u00fcn v\u0259 suverenliyinin tam b\u0259rpa olunmas\u0131na m\u00f6hk\u0259m z\u0259min yaratm\u0131\u015fd\u0131r.<\/p>\n<p>Bel\u0259likl\u0259, Az\u0259rbaycan xalq\u0131n\u0131n uzun m\u00fcdd\u0259td\u0259n b\u0259ri arzulad\u0131\u011f\u0131 B\u00f6y\u00fck Qay\u0131d\u0131\u015f n\u0259hay\u0259t ki, reall\u0131\u011fa \u00e7evrildi, \u00f6lk\u0259nin v\u0259 xalq\u0131n tarixind\u0259 yeni m\u0259rh\u0259l\u0259y\u0259 q\u0259d\u0259m qoyuldu. \u0130\u015f\u011faldan azad olunmu\u015f \u0259razil\u0259rin b\u0259rpas\u0131 v\u0259 yenid\u0259n qurulmas\u0131, el\u0259c\u0259 d\u0259 ke\u00e7mi\u015f m\u0259cburi k\u00f6\u00e7k\u00fcnl\u0259rin \u00f6z do\u011fma torpaqlar\u0131na qay\u0131tmalar\u0131 istiqam\u0259tind\u0259 g\u00f6st\u0259rdiyiniz davaml\u0131 v\u0259 yorulmaz s\u0259yl\u0259rd\u0259 Siz\u0259 u\u011furlar arzulay\u0131r\u0131q. Biz Az\u0259rbaycan\u0131n qazand\u0131\u011f\u0131 nailiyy\u0259tl\u0259ri t\u0259kc\u0259 \u0259dal\u0259tin b\u0259rpas\u0131 v\u0259 beyn\u0259lxalq h\u00fcququn t\u0259sdiqi kimi deyil, h\u0259m\u00e7inin b\u00f6y\u00fck milli ideyaya \u0259saslanan m\u00f6hk\u0259m birliyin v\u0259 g\u00fccl\u00fc liderliyin z\u0259f\u0259ri kimi d\u0259y\u0259rl\u0259ndiririk. Biz, h\u0259m\u00e7inin inan\u0131r\u0131q ki, bu b\u00f6y\u00fck Z\u0259f\u0259r v\u0259 Az\u0259rbaycan\u0131n beyn\u0259lxalq s\u0259viyy\u0259d\u0259 tan\u0131nm\u0131\u015f s\u0259rh\u0259dl\u0259ri \u00e7\u0259r\u00e7iv\u0259sind\u0259 \u0259razi b\u00fct\u00f6vl\u00fcy\u00fcn\u00fcn tam b\u0259rpas\u0131 regional s\u00fclh, sabitlik v\u0259 \u0259m\u0259kda\u015fl\u0131\u011f\u0131n inki\u015faf\u0131 prosesind\u0259 d\u00f6n\u00fc\u015f n\u00f6qt\u0259si ola bil\u0259r. Regional t\u0259\u015fkilat olaraq biz bu m\u0259qs\u0259dl\u0259r\u0259 d\u0259st\u0259k v\u0259 t\u00f6hf\u0259 verm\u0259y\u0259 haz\u0131r\u0131q.<\/p>\n<p>Zati-alil\u0259ri, Az\u0259rbaycan\u0131n daha da g\u00fccl\u0259nm\u0259si v\u0259 inki\u015faf etm\u0259si, xalq\u0131n rifah\u0131n\u0131n daha da yax\u015f\u0131la\u015fmas\u0131 prosesind\u0259 Siz\u0259 b\u00f6y\u00fck nailiyy\u0259tl\u0259r v\u0259 yeni z\u0259f\u0259rl\u0259r, Az\u0259rbaycan xalq\u0131na is\u0259 s\u00fclh, inki\u015faf v\u0259 firavanl\u0131q dil\u0259yirik&#8221;.&#13;<br \/>\n        &#13;<br \/>\n&#13;<br \/>\n        &#13;<br \/>\n&#13;\n        <\/p>\n<p><noscript><\/p>\n<p>You must enable Javascript on your browser for the site to work optimally and display sections completely.<\/p>\n<p><\/noscript>\t\t&#13;<br \/>\n\t\t&#13;\n    <\/div>\n<p><script type=\"text\/javascript\">jQuery(document).ready(function () {\n(function(d, s, id) {\n    var js, fjs = d.getElementsByTagName(s)[0];\n    if (d.getElementById(id))\n        return;\n    js = d.createElement(s);\n    js.id = id;\n    js.src = \"\/\/connect.facebook.net\/az_AZ\/all.js#xfbml=1&appId=1002485763137712\";\n    fjs.parentNode.insertBefore(js, fjs);\n}(document, 'script', 'facebook-jssdk'));                \n});<\/script><\/p>\n","protected":false},"excerpt":{"rendered":"<p>&#13; &#13; GUAM-\u0131n Ba\u015f katibi Altay \u018ff\u0259ndiyev Az\u0259rbaycan Respublikas\u0131n\u0131n Prezidenti \u0130lham \u018fliyev\u0259 t\u0259brik m\u0259ktubu \u00fcnvanlay\u0131b. Millinews.az x\u0259b\u0259r verir ki, m\u0259ktubda deyilir: &#13; &#8220;Zati-alil\u0259ri! Z\u0259f\u0259r G\u00fcn\u00fc m\u00fcnasib\u0259til\u0259 Sizi v\u0259 Sizin siman\u0131zda Az\u0259rbaycan xalq\u0131n\u0131 Demokratiya v\u0259 \u0130qtisadi \u0130nki\u015faf Namin\u0259 T\u0259\u015fkilat \u2013 GUAM-\u0131n Katibliyi ad\u0131ndan v\u0259 \u015f\u0259xs\u0259n \u00f6z ad\u0131mdan s\u0259mimi-q\u0259lbd\u0259n t\u0259brik edir\u0259m. Onillikl\u0259r \u0259rzind\u0259 i\u015f\u011fal alt\u0131nda qalm\u0131\u015f Az\u0259rbaycan &hellip;<\/p>\n","protected":false},"author":1,"featured_media":8847,"comment_status":"open","ping_status":"closed","sticky":false,"template":"","format":"standard","meta":{"footnotes":""},"categories":[9],"tags":[],"class_list":["post-8846","post","type-post","status-publish","format-standard","has-post-thumbnail","hentry","category-xeber"],"_links":{"self":[{"href":"https:\/\/millitv.net\/index.php?rest_route=\/wp\/v2\/posts\/8846","targetHints":{"allow":["GET"]}}],"collection":[{"href":"https:\/\/millitv.net\/index.php?rest_route=\/wp\/v2\/posts"}],"about":[{"href":"https:\/\/millitv.net\/index.php?rest_route=\/wp\/v2\/types\/post"}],"author":[{"embeddable":true,"href":"https:\/\/millitv.net\/index.php?rest_route=\/wp\/v2\/users\/1"}],"replies":[{"embeddable":true,"href":"https:\/\/millitv.net\/index.php?rest_route=%2Fwp%2Fv2%2Fcomments&post=8846"}],"version-history":[{"count":0,"href":"https:\/\/millitv.net\/index.php?rest_route=\/wp\/v2\/posts\/8846\/revisions"}],"wp:featuredmedia":[{"embeddable":true,"href":"https:\/\/millitv.net\/index.php?rest_route=\/wp\/v2\/media\/8847"}],"wp:attachment":[{"href":"https:\/\/millitv.net\/index.php?rest_route=%2Fwp%2Fv2%2Fmedia&parent=8846"}],"wp:term":[{"taxonomy":"category","embeddable":true,"href":"https:\/\/millitv.net\/index.php?rest_route=%2Fwp%2Fv2%2Fcategories&post=8846"},{"taxonomy":"post_tag","embeddable":true,"href":"https:\/\/millitv.net\/index.php?rest_route=%2Fwp%2Fv2%2Ftags&post=8846"}],"curies":[{"name":"wp","href":"https:\/\/api.w.org\/{rel}","templated":true}]}}