{"id":8815,"date":"2023-11-11T05:31:35","date_gmt":"2023-11-11T05:31:35","guid":{"rendered":"https:\/\/millinews.az\/xeber\/the-guardian-q%C9%99zetind%C9%99-az%C9%99rbaycanin-%C9%99leyhin%C9%99-yazilmis-m%C9%99qal%C9%99l%C9%99r%C9%99-cavab\/"},"modified":"2023-11-11T05:31:35","modified_gmt":"2023-11-11T05:31:35","slug":"the-guardian-q%C9%99zetind%C9%99-az%C9%99rbaycanin-%C9%99leyhin%C9%99-yazilmis-m%C9%99qal%C9%99l%C9%99r%C9%99-cavab","status":"publish","type":"post","link":"https:\/\/millitv.net\/?p=8815","title":{"rendered":"\u201cThe Guardian\u201d q\u0259zetind\u0259 Az\u0259rbaycan\u0131n \u0259leyhin\u0259 yaz\u0131lm\u0131\u015f m\u0259qal\u0259l\u0259r\u0259 CAVAB"},"content":{"rendered":"<div id=\"maincontent\">&#13;<br \/>\n        &#13;<\/p>\n<p><strong>Az\u0259rbaycan\u0131n B\u00f6y\u00fck Britaniyadak\u0131 s\u0259firi Elin S\u00fcleymanovun n\u00fcfuzlu &#8220;<a target=\"_blank\" class=\"hyperlink\" href=\"https:\/\/apa.az\/xarici-siyaset\/%3Ca%20target=\" _blank=\"\" rel=\"noopener\">https:\/\/www.theguardian.com<\/a>&#8220;&gt;The Guardian&#8221; q\u0259zetin\u0259 \u00fcnvanlad\u0131\u011f\u0131 m\u0259ktubu d\u0259rc olunub. M\u0259ktubda bu q\u0259zet t\u0259r\u0259find\u0259n \u00f6lk\u0259mizin \u0259leyhin\u0259 son aylar d\u0259rc olunmu\u015f m\u0259qal\u0259l\u0259r\u0259 cavab verilib.<\/strong><\/p>\n<p><a href=\"https:\/\/Millinews.az\" target=\"_blank\" class=\"kw-link\" rel=\"noopener\">Millinews.az<\/a> s\u0259firliy\u0259 istinad\u0259n x\u0259b\u0259r verir ki, i\u015f\u011faldan azad edilmi\u015f \u0259razil\u0259r birm\u0259nal\u0131 olaraq beyn\u0259lxalq s\u0259viyy\u0259d\u0259 Az\u0259rbaycan\u0131n tan\u0131nm\u0131\u015f \u0259razil\u0259ridir v\u0259 bu fakt BMT T\u0259hl\u00fck\u0259sizlik \u015euras\u0131n\u0131n 4 q\u0259tnam\u0259si il\u0259 d\u0259 t\u0259sdiq edilib. &#13;\n<\/p>\n<p>H\u0259m\u00e7inin qeyd olunub ki, h\u0259r bir d\u00f6vl\u0259tin \u00f6z \u0259razi b\u00fct\u00f6vl\u00fcy\u00fcn\u00fc m\u00fcdafi\u0259 etm\u0259si BMT nizamn\u0259m\u0259sind\u0259 qeyd olundu\u011fu kimi onun \u0259n \u0259sas v\u0259zif\u0259sidir.<\/p>\n<p>Bildirilib ki, C\u0259nubi Qafqazda s\u00fclh\u0259 ba\u015fl\u0131ca mane olan Erm\u0259nistan\u0131n Az\u0259rbaycan torpaqlar\u0131n\u0131 i\u015f\u011fal\u0131 m\u0259s\u0259l\u0259si art\u0131q ortadan qald\u0131r\u0131l\u0131b v\u0259 h\u0259r iki \u00f6lk\u0259nin r\u0259hb\u0259rliyi t\u0259r\u0259find\u0259n yax\u0131n aylarda s\u00fclh\u00fcn \u0259ld\u0259 oluna bil\u0259c\u0259yi b\u0259yan edilib.<\/p>\n<p>Az\u0259rbaycan\u0131n beyn\u0259lxalq enerji t\u0259r\u0259fda\u015flar\u0131 il\u0259 \u0259m\u0259kda\u015fl\u0131qdan \u0259ld\u0259 olunan g\u0259lirl\u0259rinin s\u0259hiyy\u0259, infrastruktur, t\u0259hsil v\u0259 dig\u0259r sah\u0259l\u0259r\u0259 y\u00f6n\u0259ldiyi qeyd olunub, n\u0259tic\u0259d\u0259 Az\u0259rbaycan\u0131n C\u0259nubi Qafqaz regionunda \u0259n inki\u015faf etmi\u015f \u00f6lk\u0259y\u0259 \u00e7evrildiyi bildirilib. Erm\u0259nistan il\u0259 s\u00fclh raz\u0131la\u015fmas\u0131n\u0131n is\u0259 b\u00fct\u00f6vl\u00fckd\u0259 regiona sabitlik v\u0259 iqtisadi inki\u015faf g\u0259tir\u0259c\u0259yi vur\u011fulan\u0131b.<\/p>\n<p>\u018ftrafl\u0131 bu linkd\u0259n tan\u0131\u015f olmaq m\u00fcmk\u00fcnd\u00fcr: <a href=\"https:\/\/www.theguardian.com\/world\/2023\/nov\/10\/azerbaijan-is-acting-in-self-defence\" target=\"_blank\" rel=\"noopener\">https:\/\/www.theguardian.com\/world\/2023\/nov\/10\/azerbaijan-is-acting-in-self-defence<\/a>&#13;<br \/>\n        &#13;<br \/>\n&#13;<br \/>\n        &#13;<br \/>\n&#13;\n        <\/p>\n<p><noscript><\/p>\n<p>You must enable Javascript on your browser for the site to work optimally and display sections completely.<\/p>\n<p><\/noscript>\t\t&#13;<br \/>\n\t\t&#13;\n    <\/div>\n<p><script type=\"text\/javascript\">jQuery(document).ready(function () {\n(function(d, s, id) {\n    var js, fjs = d.getElementsByTagName(s)[0];\n    if (d.getElementById(id))\n        return;\n    js = d.createElement(s);\n    js.id = id;\n    js.src = \"\/\/connect.facebook.net\/az_AZ\/all.js#xfbml=1&appId=1002485763137712\";\n    fjs.parentNode.insertBefore(js, fjs);\n}(document, 'script', 'facebook-jssdk'));                \n});<\/script><\/p>\n","protected":false},"excerpt":{"rendered":"<p>&#13; &#13; Az\u0259rbaycan\u0131n B\u00f6y\u00fck Britaniyadak\u0131 s\u0259firi Elin S\u00fcleymanovun n\u00fcfuzlu &#8220;https:\/\/www.theguardian.com&#8220;&gt;The Guardian&#8221; q\u0259zetin\u0259 \u00fcnvanlad\u0131\u011f\u0131 m\u0259ktubu d\u0259rc olunub. M\u0259ktubda bu q\u0259zet t\u0259r\u0259find\u0259n \u00f6lk\u0259mizin \u0259leyhin\u0259 son aylar d\u0259rc olunmu\u015f m\u0259qal\u0259l\u0259r\u0259 cavab verilib. Millinews.az s\u0259firliy\u0259 istinad\u0259n x\u0259b\u0259r verir ki, i\u015f\u011faldan azad edilmi\u015f \u0259razil\u0259r birm\u0259nal\u0131 olaraq beyn\u0259lxalq s\u0259viyy\u0259d\u0259 Az\u0259rbaycan\u0131n tan\u0131nm\u0131\u015f \u0259razil\u0259ridir v\u0259 bu fakt BMT T\u0259hl\u00fck\u0259sizlik \u015euras\u0131n\u0131n 4 q\u0259tnam\u0259si il\u0259 &hellip;<\/p>\n","protected":false},"author":1,"featured_media":8816,"comment_status":"open","ping_status":"closed","sticky":false,"template":"","format":"standard","meta":{"footnotes":""},"categories":[9],"tags":[],"class_list":["post-8815","post","type-post","status-publish","format-standard","has-post-thumbnail","hentry","category-xeber"],"_links":{"self":[{"href":"https:\/\/millitv.net\/index.php?rest_route=\/wp\/v2\/posts\/8815","targetHints":{"allow":["GET"]}}],"collection":[{"href":"https:\/\/millitv.net\/index.php?rest_route=\/wp\/v2\/posts"}],"about":[{"href":"https:\/\/millitv.net\/index.php?rest_route=\/wp\/v2\/types\/post"}],"author":[{"embeddable":true,"href":"https:\/\/millitv.net\/index.php?rest_route=\/wp\/v2\/users\/1"}],"replies":[{"embeddable":true,"href":"https:\/\/millitv.net\/index.php?rest_route=%2Fwp%2Fv2%2Fcomments&post=8815"}],"version-history":[{"count":0,"href":"https:\/\/millitv.net\/index.php?rest_route=\/wp\/v2\/posts\/8815\/revisions"}],"wp:featuredmedia":[{"embeddable":true,"href":"https:\/\/millitv.net\/index.php?rest_route=\/wp\/v2\/media\/8816"}],"wp:attachment":[{"href":"https:\/\/millitv.net\/index.php?rest_route=%2Fwp%2Fv2%2Fmedia&parent=8815"}],"wp:term":[{"taxonomy":"category","embeddable":true,"href":"https:\/\/millitv.net\/index.php?rest_route=%2Fwp%2Fv2%2Fcategories&post=8815"},{"taxonomy":"post_tag","embeddable":true,"href":"https:\/\/millitv.net\/index.php?rest_route=%2Fwp%2Fv2%2Ftags&post=8815"}],"curies":[{"name":"wp","href":"https:\/\/api.w.org\/{rel}","templated":true}]}}