{"id":8813,"date":"2023-11-11T05:14:56","date_gmt":"2023-11-11T05:14:56","guid":{"rendered":"https:\/\/millinews.az\/xeber\/qazaxda-qanunsuz-saxlanilan-ov-silahlari-polis%C9%99-t%C9%99hvil-verildi\/"},"modified":"2023-11-11T05:14:56","modified_gmt":"2023-11-11T05:14:56","slug":"qazaxda-qanunsuz-saxlanilan-ov-silahlari-polis%C9%99-t%C9%99hvil-verildi","status":"publish","type":"post","link":"https:\/\/millitv.net\/?p=8813","title":{"rendered":"Qazaxda qanunsuz saxlan\u0131lan ov silahlar\u0131 polis\u0259 t\u0259hvil verildi"},"content":{"rendered":"<div id=\"maincontent\">&#13;<br \/>\n        &#13;<\/p>\n<p><strong>Qazax Rayon Polis \u015e\u00f6b\u0259sinin \u0259m\u0259kda\u015flar\u0131 qanunsuz saxlan\u0131lan silah-sursat\u0131n a\u015fkarlanaraq g\u00f6t\u00fcr\u00fclm\u0259si v\u0259 g\u0259l\u0259c\u0259kd\u0259 ba\u015f ver\u0259 bil\u0259c\u0259k cinay\u0259tl\u0259rin qar\u015f\u0131s\u0131n\u0131n al\u0131nmas\u0131 istiqam\u0259tind\u0259 \u0259m\u0259liyyat-axtar\u0131\u015f v\u0259 profilaktiki t\u0259dbirl\u0259ri davam etdirir.<\/strong><\/p>\n<p>Daxili \u0130\u015fl\u0259r Nazirliyinin M\u0259tbuat xidm\u0259tind\u0259n <a href=\"https:\/\/Millinews.az\" target=\"_blank\" class=\"kw-link\" rel=\"noopener\">Millinews.az<\/a>-a bildirilib ki, ke\u00e7iril\u0259n m\u00fcvafiq t\u0259dbirl\u0259ri n\u0259tic\u0259sind\u0259 h\u0259ft\u0259 \u0259rzind\u0259 4 n\u0259f\u0259r rayon sakini m\u00fcvafiq s\u0259n\u0259dl\u0259ri olmayan, m\u00fcxt\u0259lif marka v\u0259 kalibirli, yivli v\u0259 yivsiz ov silahlar\u0131n\u0131 polis\u0259 k\u00f6n\u00fcll\u00fc t\u0259hvil veribl\u0259r. &#13;\n<\/p>\n<p>Onun s\u00f6zl\u0259rin\u0259 g\u00f6r\u0259, h\u0259min silahlar m\u00fcvafiq ekspertizaya t\u0259qdim edilib v\u0259 faktlarla ba\u011fl\u0131 ara\u015fd\u0131rmalar davam etdirilir.&#13;<br \/>\n        &#13;<br \/>\n&#13;<br \/>\n        &#13;<br \/>\n&#13;\n        <\/p>\n<p><noscript><\/p>\n<p>You must enable Javascript on your browser for the site to work optimally and display sections completely.<\/p>\n<p><\/noscript>\t\t&#13;<br \/>\n\t\t&#13;\n    <\/div>\n<p><script type=\"text\/javascript\">jQuery(document).ready(function () {\n(function(d, s, id) {\n    var js, fjs = d.getElementsByTagName(s)[0];\n    if (d.getElementById(id))\n        return;\n    js = d.createElement(s);\n    js.id = id;\n    js.src = \"\/\/connect.facebook.net\/az_AZ\/all.js#xfbml=1&appId=1002485763137712\";\n    fjs.parentNode.insertBefore(js, fjs);\n}(document, 'script', 'facebook-jssdk'));                \n});<\/script><\/p>\n","protected":false},"excerpt":{"rendered":"<p>&#13; &#13; Qazax Rayon Polis \u015e\u00f6b\u0259sinin \u0259m\u0259kda\u015flar\u0131 qanunsuz saxlan\u0131lan silah-sursat\u0131n a\u015fkarlanaraq g\u00f6t\u00fcr\u00fclm\u0259si v\u0259 g\u0259l\u0259c\u0259kd\u0259 ba\u015f ver\u0259 bil\u0259c\u0259k cinay\u0259tl\u0259rin qar\u015f\u0131s\u0131n\u0131n al\u0131nmas\u0131 istiqam\u0259tind\u0259 \u0259m\u0259liyyat-axtar\u0131\u015f v\u0259 profilaktiki t\u0259dbirl\u0259ri davam etdirir. Daxili \u0130\u015fl\u0259r Nazirliyinin M\u0259tbuat xidm\u0259tind\u0259n Millinews.az-a bildirilib ki, ke\u00e7iril\u0259n m\u00fcvafiq t\u0259dbirl\u0259ri n\u0259tic\u0259sind\u0259 h\u0259ft\u0259 \u0259rzind\u0259 4 n\u0259f\u0259r rayon sakini m\u00fcvafiq s\u0259n\u0259dl\u0259ri olmayan, m\u00fcxt\u0259lif marka v\u0259 kalibirli, yivli v\u0259 yivsiz &hellip;<\/p>\n","protected":false},"author":1,"featured_media":8814,"comment_status":"open","ping_status":"closed","sticky":false,"template":"","format":"standard","meta":{"footnotes":""},"categories":[9],"tags":[],"class_list":["post-8813","post","type-post","status-publish","format-standard","has-post-thumbnail","hentry","category-xeber"],"_links":{"self":[{"href":"https:\/\/millitv.net\/index.php?rest_route=\/wp\/v2\/posts\/8813","targetHints":{"allow":["GET"]}}],"collection":[{"href":"https:\/\/millitv.net\/index.php?rest_route=\/wp\/v2\/posts"}],"about":[{"href":"https:\/\/millitv.net\/index.php?rest_route=\/wp\/v2\/types\/post"}],"author":[{"embeddable":true,"href":"https:\/\/millitv.net\/index.php?rest_route=\/wp\/v2\/users\/1"}],"replies":[{"embeddable":true,"href":"https:\/\/millitv.net\/index.php?rest_route=%2Fwp%2Fv2%2Fcomments&post=8813"}],"version-history":[{"count":0,"href":"https:\/\/millitv.net\/index.php?rest_route=\/wp\/v2\/posts\/8813\/revisions"}],"wp:featuredmedia":[{"embeddable":true,"href":"https:\/\/millitv.net\/index.php?rest_route=\/wp\/v2\/media\/8814"}],"wp:attachment":[{"href":"https:\/\/millitv.net\/index.php?rest_route=%2Fwp%2Fv2%2Fmedia&parent=8813"}],"wp:term":[{"taxonomy":"category","embeddable":true,"href":"https:\/\/millitv.net\/index.php?rest_route=%2Fwp%2Fv2%2Fcategories&post=8813"},{"taxonomy":"post_tag","embeddable":true,"href":"https:\/\/millitv.net\/index.php?rest_route=%2Fwp%2Fv2%2Ftags&post=8813"}],"curies":[{"name":"wp","href":"https:\/\/api.w.org\/{rel}","templated":true}]}}