{"id":8807,"date":"2023-11-10T21:24:10","date_gmt":"2023-11-10T21:24:10","guid":{"rendered":"https:\/\/millinews.az\/xeber\/yunesko-r%C9%99smil%C9%99ri-erm%C9%99nistanin-vandalligi-bar%C9%99d%C9%99-%C9%99trafli-m%C9%99lumatlandirildi\/"},"modified":"2023-11-10T21:24:10","modified_gmt":"2023-11-10T21:24:10","slug":"yunesko-r%C9%99smil%C9%99ri-erm%C9%99nistanin-vandalligi-bar%C9%99d%C9%99-%C9%99trafli-m%C9%99lumatlandirildi","status":"publish","type":"post","link":"https:\/\/millitv.net\/?p=8807","title":{"rendered":"YUNESKO r\u0259smil\u0259ri Erm\u0259nistan\u0131n vandall\u0131\u011f\u0131 bar\u0259d\u0259 \u0259trafl\u0131 m\u0259lumatland\u0131r\u0131ld\u0131"},"content":{"rendered":"<div id=\"maincontent\">&#13;<br \/>\n        &#13;<\/p>\n<p><strong>7-10 noyabr 2023-c\u00fc il tarixl\u0259rind\u0259 Az\u0259rbaycan Respublikas\u0131n\u0131n xarici i\u015fl\u0259r nazirinin m\u00fcavini Elnur M\u0259mm\u0259dovun r\u0259hb\u0259rlik etdiyi n\u00fcmay\u0259nd\u0259 hey\u0259ti YUNESKO-nun Ba\u015f Konfrans\u0131n\u0131n 42-ci sessiyas\u0131nda i\u015ftirak etm\u0259k m\u0259qs\u0259dil\u0259 Fransa Respublikas\u0131na i\u015fg\u00fczar s\u0259f\u0259rd\u0259 olub.<\/strong><\/p>\n<p>Bu bar\u0259d\u0259 <a href=\"https:\/\/Millinews.az\" target=\"_blank\" class=\"kw-link\" rel=\"noopener\">Millinews.az<\/a>-a Az\u0259rbaycan\u0131n Xarici \u0130\u015fl\u0259r Nazirliyind\u0259n bildirilib. &#13;\n<\/p>\n<p>Qeyd olunub ki, sessiyan\u0131n ilk g\u00fcn\u00fc yekdillikl\u0259 q\u0259bul edilmi\u015f q\u0259rarla Az\u0259rbaycan Ba\u015f Konfrans\u0131n vitse-prezidtenl\u0259rind\u0259n biri se\u00e7ilib. S\u0259f\u0259r \u00e7\u0259r\u00e7iv\u0259sind\u0259 nazir m\u00fcavini Elnur M\u0259mm\u0259dov Ba\u015f Konfrans\u0131n \u00fcmumi siyasi debatlar\u0131 \u00e7\u0259r\u00e7iv\u0259sind\u0259 \u00e7\u0131x\u0131\u015f edib, habel\u0259 bir s\u0131ra ikit\u0259r\u0259fli g\u00f6r\u00fc\u015fl\u0259r ke\u00e7irib.<\/p>\n<p>10 noyabr tarixind\u0259 milli b\u0259yanatla \u00e7\u0131x\u0131\u015f ed\u0259n nazir m\u00fcavini Elnur M\u0259mm\u0259dov \u00f6lk\u0259mizin T\u0259\u015fkilat\u0131n \u0259s\u0259s t\u0259r\u0259fda\u015flar\u0131ndan biri oldu\u011funu v\u0259 m\u00fch\u00fcm qlobal t\u0259\u015f\u0259bb\u00fcsl\u0259rl\u0259 m\u00fct\u0259madi olaraq m\u0259d\u0259niyy\u0259tl\u0259raras\u0131 v\u0259 dinl\u0259raras\u0131 dialoqu t\u0259\u015fviq etdiyini bildirib.<\/p>\n<p>\u00c7\u0131x\u0131\u015f\u0131nda Erm\u0259nistan t\u0259r\u0259find\u0259n Az\u0259rbaycan xalq\u0131na qar\u015f\u0131 etnik nifr\u0259t z\u0259minind\u0259 \u00f6lk\u0259mizin Qaraba\u011f b\u00f6lg\u0259sind\u0259, ist\u0259rs\u0259 d\u0259 Erm\u0259nistan \u0259razil\u0259rind\u0259 m\u00f6vcud tarixi, m\u0259d\u0259ni v\u0259 dini abid\u0259l\u0259rin tamamil\u0259 da\u011f\u0131d\u0131lmas\u0131 m\u0259s\u0259l\u0259sin\u0259 toxunan nazir m\u00fcavini bu x\u00fcsusda \u00f6lk\u0259mizin d\u0259f\u0259l\u0259rl\u0259 YUNESKO v\u0259 dig\u0259r beyn\u0259lxalq t\u0259\u015fkilatlara m\u00fcraci\u0259t etdiyini diqq\u0259t\u0259 \u00e7atd\u0131r\u0131b.<\/p>\n<p>Az\u0259rbaycan\u0131n m\u00f6vcud m\u0259d\u0259ni irsin qorunmas\u0131n\u0131 t\u0259min etm\u0259k \u00fc\u00e7\u00fcn t\u0259cili t\u0259dbirl\u0259rin g\u00f6r\u00fclm\u0259sin\u0259 v\u0259 m\u00fcvafiq faktara\u015fd\u0131r\u0131c\u0131 missiyalar\u0131n t\u0259\u015fkilin\u0259 dair \u00e7oxsayl\u0131 \u00e7a\u011f\u0131r\u0131\u015flar etm\u0259sin\u0259 baxmayaraq Erm\u0259nistan t\u0259r\u0259finin \u0259ng\u0259ll\u0259ri n\u0259tic\u0259sind\u0259 bunun m\u00fcmk\u00fcn olmad\u0131\u011f\u0131 t\u0259\u0259ss\u00fcfl\u0259 vur\u011fulan\u0131b.<\/p>\n<p>\u00c7\u0131x\u0131\u015f\u0131nda nazir m\u00fcavini h\u0259m\u00e7inin post-m\u00fcnaqi\u015f\u0259 d\u00f6vr\u00fcnd\u0259 \u00f6lk\u0259miz t\u0259r\u0259find\u0259n apar\u0131lan geni\u015fmiqyasl\u0131 yenid\u0259nqurma v\u0259 b\u0259rpa i\u015fl\u0259rind\u0259n s\u00f6z a\u00e7\u0131b, Az\u0259rbaycan\u0131n b\u00f6lg\u0259d\u0259 m\u00f6vcud m\u0259d\u0259ni v\u0259 dini obyektl\u0259rin b\u0259rpas\u0131na x\u00fcsusi \u0259h\u0259miyy\u0259t verdiyini, bu istiqam\u0259td\u0259 \u00e7oxsayl\u0131 add\u0131mlar\u0131n at\u0131ld\u0131\u011f\u0131n\u0131 bildirib.<\/p>\n<p>S\u0259f\u0259r \u00e7\u0259r\u00e7iv\u0259sind\u0259 habel\u0259 nazir m\u00fcavini Elnur M\u0259mm\u0259dovun YUNESKO-nun Ba\u015f direktoru Odri Azule, Ba\u015f direktorun sosial v\u0259 humanitar elml\u0259r \u00fczr\u0259 m\u00fcavini Qabriela Ramos il\u0259 ikit\u0259r\u0259fli g\u00f6r\u00fc\u015fl\u0259ri ke\u00e7irilib.<\/p>\n<p>G\u00f6r\u00fc\u015fl\u0259rd\u0259 Az\u0259rbaycan-YUNESKO m\u00fcnasib\u0259tl\u0259ri, m\u00f6vcud \u0259m\u0259kda\u015fl\u0131q g\u00fcnd\u0259liyi, o c\u00fcml\u0259d\u0259n T\u0259\u015fkilat\u0131n sosial v\u0259 humanitar elml\u0259r sah\u0259sind\u0259 \u0259m\u0259kda\u015fl\u0131q perspektivl\u0259ri, \u00f6lk\u0259miz t\u0259r\u0259find\u0259n ir\u0259li s\u00fcr\u00fcl\u0259n \u00e7oxsayl\u0131 t\u0259\u015f\u0259bb\u00fcsl\u0259r bar\u0259d\u0259 fikir m\u00fcbadil\u0259si apar\u0131l\u0131b.<\/p>\n<p>Habel\u0259, g\u00f6r\u00fc\u015fl\u0259rd\u0259 Erm\u0259nistan t\u0259r\u0259find\u0259n ist\u0259r Az\u0259rbaycan, ist\u0259rs\u0259 d\u0259 Erm\u0259nistan \u0259razil\u0259rind\u0259 m\u00f6vcud tarixi, m\u0259d\u0259ni v\u0259 dini abid\u0259l\u0259rin da\u011f\u0131d\u0131lmas\u0131 il\u0259 \u0259laq\u0259dar olaraq \u0259trafl\u0131 m\u0259lumatland\u0131r\u0131l\u0131b. Bu x\u00fcsusda, Az\u0259rbaycan m\u0259d\u0259ni irsinin haz\u0131rki v\u0259ziyy\u0259tini qiym\u0259tl\u0259ndirm\u0259k m\u0259qs\u0259dil\u0259 Erm\u0259nistana m\u00fcvafiq faktara\u015fd\u0131r\u0131c\u0131 missiyan\u0131n g\u00f6nd\u0259rilm\u0259sin\u0259 dair \u00e7a\u011f\u0131r\u0131\u015f edilib.<\/p>\n<p>Az\u0259rbaycan\u0131n t\u0259r\u0259find\u0259n apar\u0131lm\u0131\u015f antiterror t\u0259dbirl\u0259rind\u0259n sonra Erm\u0259nistan\u0131n b\u00f6lg\u0259d\u0259 m\u0259d\u0259niyy\u0259t v\u0259 tarixi abid\u0259l\u0259rin t\u0259hl\u00fck\u0259 alt\u0131nda olmas\u0131 il\u0259 ba\u011fl\u0131 iddialar\u0131n \u0259sass\u0131z oldu\u011fu v\u0259 bunun BMT-nin regiona realla\u015fd\u0131r\u0131lan iki missiyas\u0131 t\u0259r\u0259find\u0259n d\u0259 t\u0259sdiql\u0259ndiyi diqq\u0259t\u0259 \u00e7atd\u0131r\u0131l\u0131b.<\/p>\n<p>G\u00f6r\u00fc\u015fd\u0259 m\u0259d\u0259niyy\u0259tl\u0259raras\u0131 dialoqa dair \u201cBak\u0131 prosesi\u201d t\u0259\u015f\u0259bb\u00fcs\u00fcn\u00fcn \u0259h\u0259miyy\u0259ti vur\u011fulan\u0131b. YUNESKO-nun \u201cBak\u0131 Prosesi\u201d, el\u0259c\u0259 d\u0259 \u00dcmumd\u00fcnya M\u0259d\u0259niyy\u0259tl\u0259raras\u0131 Dialoq Forumun \u0259sas d\u0259st\u0259k\u00e7isi v\u0259 t\u0259r\u0259fda\u015f\u0131 oldu\u011fu bildir\u0259r\u0259k bu \u0259m\u0259kda\u015fl\u0131\u011f\u0131n davam etdirilm\u0259sin\u0259 \u00fcmidvarl\u0131q ifad\u0259 olunub.<\/p>\n<p>22 noyabr 2023-c\u00fc il tarixin\u0259d\u0259k davam ed\u0259c\u0259k Ba\u015f Konfrans\u0131n 42-ci sessiyas\u0131 m\u00fcdd\u0259tind\u0259 \u00f6lk\u0259miz m\u00fcxt\u0259lif qurumlar t\u0259r\u0259find\u0259n aidiyy\u0259ti sah\u0259l\u0259r \u00fczr\u0259 t\u0259msil olunacaqd\u0131r.&#13;<br \/>\n        &#13;<br \/>\n&#13;<br \/>\n        &#13;<br \/>\n&#13;\n        <\/p>\n<p><noscript><\/p>\n<p>You must enable Javascript on your browser for the site to work optimally and display sections completely.<\/p>\n<p><\/noscript>\t\t&#13;<br \/>\n\t\t&#13;\n    <\/div>\n<p><script type=\"text\/javascript\">jQuery(document).ready(function () {\n(function(d, s, id) {\n    var js, fjs = d.getElementsByTagName(s)[0];\n    if (d.getElementById(id))\n        return;\n    js = d.createElement(s);\n    js.id = id;\n    js.src = \"\/\/connect.facebook.net\/az_AZ\/all.js#xfbml=1&appId=1002485763137712\";\n    fjs.parentNode.insertBefore(js, fjs);\n}(document, 'script', 'facebook-jssdk'));                \n});<\/script><\/p>\n","protected":false},"excerpt":{"rendered":"<p>&#13; &#13; 7-10 noyabr 2023-c\u00fc il tarixl\u0259rind\u0259 Az\u0259rbaycan Respublikas\u0131n\u0131n xarici i\u015fl\u0259r nazirinin m\u00fcavini Elnur M\u0259mm\u0259dovun r\u0259hb\u0259rlik etdiyi n\u00fcmay\u0259nd\u0259 hey\u0259ti YUNESKO-nun Ba\u015f Konfrans\u0131n\u0131n 42-ci sessiyas\u0131nda i\u015ftirak etm\u0259k m\u0259qs\u0259dil\u0259 Fransa Respublikas\u0131na i\u015fg\u00fczar s\u0259f\u0259rd\u0259 olub. Bu bar\u0259d\u0259 Millinews.az-a Az\u0259rbaycan\u0131n Xarici \u0130\u015fl\u0259r Nazirliyind\u0259n bildirilib. &#13; Qeyd olunub ki, sessiyan\u0131n ilk g\u00fcn\u00fc yekdillikl\u0259 q\u0259bul edilmi\u015f q\u0259rarla Az\u0259rbaycan Ba\u015f Konfrans\u0131n vitse-prezidtenl\u0259rind\u0259n &hellip;<\/p>\n","protected":false},"author":1,"featured_media":8808,"comment_status":"open","ping_status":"closed","sticky":false,"template":"","format":"standard","meta":{"footnotes":""},"categories":[9],"tags":[],"class_list":["post-8807","post","type-post","status-publish","format-standard","has-post-thumbnail","hentry","category-xeber"],"_links":{"self":[{"href":"https:\/\/millitv.net\/index.php?rest_route=\/wp\/v2\/posts\/8807","targetHints":{"allow":["GET"]}}],"collection":[{"href":"https:\/\/millitv.net\/index.php?rest_route=\/wp\/v2\/posts"}],"about":[{"href":"https:\/\/millitv.net\/index.php?rest_route=\/wp\/v2\/types\/post"}],"author":[{"embeddable":true,"href":"https:\/\/millitv.net\/index.php?rest_route=\/wp\/v2\/users\/1"}],"replies":[{"embeddable":true,"href":"https:\/\/millitv.net\/index.php?rest_route=%2Fwp%2Fv2%2Fcomments&post=8807"}],"version-history":[{"count":0,"href":"https:\/\/millitv.net\/index.php?rest_route=\/wp\/v2\/posts\/8807\/revisions"}],"wp:featuredmedia":[{"embeddable":true,"href":"https:\/\/millitv.net\/index.php?rest_route=\/wp\/v2\/media\/8808"}],"wp:attachment":[{"href":"https:\/\/millitv.net\/index.php?rest_route=%2Fwp%2Fv2%2Fmedia&parent=8807"}],"wp:term":[{"taxonomy":"category","embeddable":true,"href":"https:\/\/millitv.net\/index.php?rest_route=%2Fwp%2Fv2%2Fcategories&post=8807"},{"taxonomy":"post_tag","embeddable":true,"href":"https:\/\/millitv.net\/index.php?rest_route=%2Fwp%2Fv2%2Ftags&post=8807"}],"curies":[{"name":"wp","href":"https:\/\/api.w.org\/{rel}","templated":true}]}}