{"id":8795,"date":"2023-11-10T17:50:10","date_gmt":"2023-11-10T17:50:10","guid":{"rendered":"https:\/\/millinews.az\/xeber\/az%C9%99rbaycanin-xarici-isl%C9%99r-nazirliyi-ataturkl%C9%99-bagli-paylasim-etdi\/"},"modified":"2023-11-10T17:50:10","modified_gmt":"2023-11-10T17:50:10","slug":"az%C9%99rbaycanin-xarici-isl%C9%99r-nazirliyi-ataturkl%C9%99-bagli-paylasim-etdi","status":"publish","type":"post","link":"https:\/\/millitv.net\/?p=8795","title":{"rendered":"Az\u0259rbaycan\u0131n Xarici \u0130\u015fl\u0259r Nazirliyi Atat\u00fcrkl\u0259 ba\u011fl\u0131 payla\u015f\u0131m etdi"},"content":{"rendered":"<div id=\"maincontent\">&#13;<br \/>\n        &#13;<\/p>\n<p><strong>Az\u0259rbaycan Respublikas\u0131n\u0131n Xarici \u0130\u015fl\u0259r Nazirliyi T\u00fcrkiy\u0259 Respublikas\u0131n\u0131n qurucusu Mustafa Kamal Atat\u00fcrk\u00fcn an\u0131m g\u00fcn\u00fc il\u0259 \u0259laq\u0259dar payla\u015f\u0131m edib.<\/strong><\/p>\n<p><a href=\"https:\/\/Millinews.az\" target=\"_blank\" class=\"kw-link\" rel=\"noopener\">Millinews.az<\/a>-\u0131n m\u0259lumat\u0131na g\u00f6r\u0259, nazirliyin &#8220;X&#8221; s\u0259hif\u0259sind\u0259 edil\u0259n payla\u015f\u0131mda deyilir: &#13;\n<\/p>\n<p>\u201cT\u00fcrk xalq\u0131n\u0131n b\u00f6y\u00fck \u00f6nd\u0259ri, qarda\u015f T\u00fcrkiy\u0259 C\u00fcmhuriyy\u0259tinin qurucusu, sevincimizi sevinci, k\u0259d\u0259rimizi k\u0259d\u0259ri bil\u0259n Qazi Mustafa Kamal Atat\u00fcrk\u00fcn h\u0259r zaman q\u0259lbimizd\u0259 ya\u015fayan \u0259ziz xatir\u0259sini tarixi \u015f\u0259xsiyy\u0259tin an\u0131m g\u00fcn\u00fcnd\u0259 d\u0259rin h\u00f6rm\u0259t v\u0259 minn\u0259tdarl\u0131qla an\u0131r\u0131q\u201d.<\/p>\n<p><iframe id=\"twitter-widget-0\" scrolling=\"no\" frameborder=\"0\" allowtransparency=\"true\" allowfullscreen=\"true\" class=\"\" title=\"Twitter Tweet\" src=\"https:\/\/platform.twitter.com\/embed\/Tweet.html?dnt=false&amp;embedId=twitter-widget-0&amp;features=eyJ0ZndfdGltZWxpbmVfbGlzdCI6eyJidWNrZXQiOltdLCJ2ZXJzaW9uIjpudWxsfSwidGZ3X2ZvbGxvd2VyX2NvdW50X3N1bnNldCI6eyJidWNrZXQiOnRydWUsInZlcnNpb24iOm51bGx9LCJ0ZndfdHdlZXRfZWRpdF9iYWNrZW5kIjp7ImJ1Y2tldCI6Im9uIiwidmVyc2lvbiI6bnVsbH0sInRmd19yZWZzcmNfc2Vzc2lvbiI6eyJidWNrZXQiOiJvbiIsInZlcnNpb24iOm51bGx9LCJ0ZndfZm9zbnJfc29mdF9pbnRlcnZlbnRpb25zX2VuYWJsZWQiOnsiYnVja2V0Ijoib24iLCJ2ZXJzaW9uIjpudWxsfSwidGZ3X21peGVkX21lZGlhXzE1ODk3Ijp7ImJ1Y2tldCI6InRyZWF0bWVudCIsInZlcnNpb24iOm51bGx9LCJ0ZndfZXhwZXJpbWVudHNfY29va2llX2V4cGlyYXRpb24iOnsiYnVja2V0IjoxMjA5NjAwLCJ2ZXJzaW9uIjpudWxsfSwidGZ3X3Nob3dfYmlyZHdhdGNoX3Bpdm90c19lbmFibGVkIjp7ImJ1Y2tldCI6Im9uIiwidmVyc2lvbiI6bnVsbH0sInRmd19kdXBsaWNhdGVfc2NyaWJlc190b19zZXR0aW5ncyI6eyJidWNrZXQiOiJvbiIsInZlcnNpb24iOm51bGx9LCJ0ZndfdXNlX3Byb2ZpbGVfaW1hZ2Vfc2hhcGVfZW5hYmxlZCI6eyJidWNrZXQiOiJvbiIsInZlcnNpb24iOm51bGx9LCJ0ZndfdmlkZW9faGxzX2R5bmFtaWNfbWFuaWZlc3RzXzE1MDgyIjp7ImJ1Y2tldCI6InRydWVfYml0cmF0ZSIsInZlcnNpb24iOm51bGx9LCJ0ZndfbGVnYWN5X3RpbWVsaW5lX3N1bnNldCI6eyJidWNrZXQiOnRydWUsInZlcnNpb24iOm51bGx9LCJ0ZndfdHdlZXRfZWRpdF9mcm9udGVuZCI6eyJidWNrZXQiOiJvbiIsInZlcnNpb24iOm51bGx9fQ%3D%3D&amp;frame=false&amp;hideCard=false&amp;hideThread=false&amp;id=1723023479660843326&amp;lang=en&amp;origin=https%3A%2F%2Freport.az%2Fxarici-siyaset%2Fazerbaycanin-xarici-isler-nazirliyi-ataturkle-bagli-paylasim-edib%2F&amp;sessionId=8f0ede39147384163343f522ad0e7a5532317a2c&amp;theme=light&amp;widgetsVersion=01917f4d1d4cb%3A1696883169554&amp;width=550px\" data-tweet-id=\"1723023479660843326\" style=\"padding: 0px; display: block; max-width: 100%; position: static; visibility: visible; width: 550px; height: 370px; flex-grow: 1; margin: 0px auto !important;\"><\/iframe>&#13;<br \/>\n        &#13;<br \/>\n&#13;<br \/>\n        &#13;<br \/>\n&#13;\n        <\/p>\n<p><noscript><\/p>\n<p>You must enable Javascript on your browser for the site to work optimally and display sections completely.<\/p>\n<p><\/noscript>\t\t&#13;<br \/>\n\t\t&#13;\n    <\/div>\n<p><script type=\"text\/javascript\">jQuery(document).ready(function () {\n(function(d, s, id) {\n    var js, fjs = d.getElementsByTagName(s)[0];\n    if (d.getElementById(id))\n        return;\n    js = d.createElement(s);\n    js.id = id;\n    js.src = \"\/\/connect.facebook.net\/az_AZ\/all.js#xfbml=1&appId=1002485763137712\";\n    fjs.parentNode.insertBefore(js, fjs);\n}(document, 'script', 'facebook-jssdk'));                \n});<\/script><\/p>\n","protected":false},"excerpt":{"rendered":"<p>&#13; &#13; Az\u0259rbaycan Respublikas\u0131n\u0131n Xarici \u0130\u015fl\u0259r Nazirliyi T\u00fcrkiy\u0259 Respublikas\u0131n\u0131n qurucusu Mustafa Kamal Atat\u00fcrk\u00fcn an\u0131m g\u00fcn\u00fc il\u0259 \u0259laq\u0259dar payla\u015f\u0131m edib. Millinews.az-\u0131n m\u0259lumat\u0131na g\u00f6r\u0259, nazirliyin &#8220;X&#8221; s\u0259hif\u0259sind\u0259 edil\u0259n payla\u015f\u0131mda deyilir: &#13; \u201cT\u00fcrk xalq\u0131n\u0131n b\u00f6y\u00fck \u00f6nd\u0259ri, qarda\u015f T\u00fcrkiy\u0259 C\u00fcmhuriyy\u0259tinin qurucusu, sevincimizi sevinci, k\u0259d\u0259rimizi k\u0259d\u0259ri bil\u0259n Qazi Mustafa Kamal Atat\u00fcrk\u00fcn h\u0259r zaman q\u0259lbimizd\u0259 ya\u015fayan \u0259ziz xatir\u0259sini tarixi \u015f\u0259xsiyy\u0259tin an\u0131m &hellip;<\/p>\n","protected":false},"author":1,"featured_media":8796,"comment_status":"open","ping_status":"closed","sticky":false,"template":"","format":"standard","meta":{"footnotes":""},"categories":[9],"tags":[],"class_list":["post-8795","post","type-post","status-publish","format-standard","has-post-thumbnail","hentry","category-xeber"],"_links":{"self":[{"href":"https:\/\/millitv.net\/index.php?rest_route=\/wp\/v2\/posts\/8795","targetHints":{"allow":["GET"]}}],"collection":[{"href":"https:\/\/millitv.net\/index.php?rest_route=\/wp\/v2\/posts"}],"about":[{"href":"https:\/\/millitv.net\/index.php?rest_route=\/wp\/v2\/types\/post"}],"author":[{"embeddable":true,"href":"https:\/\/millitv.net\/index.php?rest_route=\/wp\/v2\/users\/1"}],"replies":[{"embeddable":true,"href":"https:\/\/millitv.net\/index.php?rest_route=%2Fwp%2Fv2%2Fcomments&post=8795"}],"version-history":[{"count":0,"href":"https:\/\/millitv.net\/index.php?rest_route=\/wp\/v2\/posts\/8795\/revisions"}],"wp:featuredmedia":[{"embeddable":true,"href":"https:\/\/millitv.net\/index.php?rest_route=\/wp\/v2\/media\/8796"}],"wp:attachment":[{"href":"https:\/\/millitv.net\/index.php?rest_route=%2Fwp%2Fv2%2Fmedia&parent=8795"}],"wp:term":[{"taxonomy":"category","embeddable":true,"href":"https:\/\/millitv.net\/index.php?rest_route=%2Fwp%2Fv2%2Fcategories&post=8795"},{"taxonomy":"post_tag","embeddable":true,"href":"https:\/\/millitv.net\/index.php?rest_route=%2Fwp%2Fv2%2Ftags&post=8795"}],"curies":[{"name":"wp","href":"https:\/\/api.w.org\/{rel}","templated":true}]}}