{"id":8793,"date":"2023-11-10T17:34:39","date_gmt":"2023-11-10T17:34:39","guid":{"rendered":"https:\/\/millinews.az\/xeber\/leyla-abdullayeva-il%C9%99-pasinyan-debata-cixdi\/"},"modified":"2023-11-10T17:34:39","modified_gmt":"2023-11-10T17:34:39","slug":"leyla-abdullayeva-il%C9%99-pasinyan-debata-cixdi","status":"publish","type":"post","link":"https:\/\/millitv.net\/?p=8793","title":{"rendered":"Leyla Abdullayeva il\u0259 Pa\u015finyan debata \u00e7\u0131xd\u0131"},"content":{"rendered":"<div id=\"maincontent\">&#13;<br \/>\n        &#13;<\/p>\n<p><strong>Erm\u0259nistan\u0131n Ba\u015f naziri Nikol Pa\u015finyan Parisd\u0259 ke\u00e7iril\u0259n Alt\u0131nc\u0131 S\u00fclh Konfrans\u0131nda Az\u0259rbaycan\u0131n apard\u0131\u011f\u0131 \u201cetnik t\u0259mizl\u0259m\u0259\u201dd\u0259n dan\u0131\u015fd\u0131qdan sonra Az\u0259rbaycan\u0131n Fransadak\u0131 s\u0259firi Leyla Abdullayeva \u00e7\u0131x\u0131\u015f edib.<\/strong><\/p>\n<p><a href=\"https:\/\/Millinews.az\" target=\"_blank\" class=\"kw-link\" rel=\"noopener\">Millinews.az<\/a> Axar.az-a istinad\u0259n x\u0259b\u0259r verir ki, L.Abdullayeva Az\u0259rbaycan\u0131n 2020-ci ild\u0259 v\u0259 sonrak\u0131 d\u00f6vrd\u0259 f\u0259aliyy\u0259tinin yegan\u0259 m\u0259qs\u0259dinin \u0259razi b\u00fct\u00f6vl\u00fcy\u00fcn\u00fc b\u0259rpa etm\u0259k oldu\u011funu vur\u011fulay\u0131b. &#13;\n<\/p>\n<p>O bildirib ki, beyn\u0259lxalq ictimaiyy\u0259t d\u0259 Az\u0259rbaycan\u0131n \u0259razi b\u00fct\u00f6vl\u00fcy\u00fcn\u00fc tan\u0131y\u0131r, Bak\u0131n\u0131n \u00f6z\u00fc s\u00fclh prosesinin t\u0259\u015f\u0259bb\u00fcskar\u0131 olub v\u0259 Fransan\u0131n xarici i\u015fl\u0259r naziri \u0130r\u0259vanda Erm\u0259nistana silahla k\u00f6m\u0259k etm\u0259k bar\u0259d\u0259 dan\u0131\u015fanda Fransan\u0131 s\u00fclh prosesin\u0259 mane olmaqda ittiham edib.<\/p>\n<p>Pa\u015finyan bildirib ki, Az\u0259rbaycan bir t\u0259r\u0259fd\u0259n s\u00fclhd\u0259n dan\u0131\u015f\u0131r, dig\u0259r t\u0259r\u0259fd\u0259n Erm\u0259nistan\u0131 \u201cQ\u0259rbi Az\u0259rbaycan\u201d adland\u0131r\u0131r.<\/p>\n<p>\u201cFransa m\u0259s\u0259l\u0259sin\u0259 g\u0259linc\u0259, h\u0259r bir suveren \u00f6lk\u0259nin orduya sahib olmaq v\u0259 \u00f6z\u00fcn\u00fc m\u00fcdafi\u0259 etm\u0259k \u00fc\u00e7\u00fcn silahlanmaq h\u00fcququ var.<\/p>\n<p>Az\u0259rbaycan k\u00fclli miqdarda silah al\u0131r v\u0259 onlar\u0131n silah almaq \u00fc\u00e7\u00fcn b\u00fcdc\u0259si Erm\u0259nistan\u0131n h\u0259rbi x\u0259rcl\u0259rind\u0259n 3 d\u0259f\u0259 \u00e7oxdur. \u018fg\u0259r Az\u0259rbaycan \u00fc\u00e7 raz\u0131la\u015fd\u0131r\u0131lm\u0131\u015f prinsipi t\u0259sdiq ed\u0259rs\u0259, yax\u0131n aylarda s\u00fclh m\u00fcqavil\u0259sinin imzalanmas\u0131 reall\u0131qdan da art\u0131qd\u0131r\u201d, &#8211; Pa\u015finyan bildirib.&#13;<br \/>\n        &#13;<br \/>\n&#13;<br \/>\n        &#13;<br \/>\n&#13;\n        <\/p>\n<p><noscript><\/p>\n<p>You must enable Javascript on your browser for the site to work optimally and display sections completely.<\/p>\n<p><\/noscript>\t\t&#13;<br \/>\n\t\t&#13;\n    <\/div>\n<p><script type=\"text\/javascript\">jQuery(document).ready(function () {\n(function(d, s, id) {\n    var js, fjs = d.getElementsByTagName(s)[0];\n    if (d.getElementById(id))\n        return;\n    js = d.createElement(s);\n    js.id = id;\n    js.src = \"\/\/connect.facebook.net\/az_AZ\/all.js#xfbml=1&appId=1002485763137712\";\n    fjs.parentNode.insertBefore(js, fjs);\n}(document, 'script', 'facebook-jssdk'));                \n});<\/script><\/p>\n","protected":false},"excerpt":{"rendered":"<p>&#13; &#13; Erm\u0259nistan\u0131n Ba\u015f naziri Nikol Pa\u015finyan Parisd\u0259 ke\u00e7iril\u0259n Alt\u0131nc\u0131 S\u00fclh Konfrans\u0131nda Az\u0259rbaycan\u0131n apard\u0131\u011f\u0131 \u201cetnik t\u0259mizl\u0259m\u0259\u201dd\u0259n dan\u0131\u015fd\u0131qdan sonra Az\u0259rbaycan\u0131n Fransadak\u0131 s\u0259firi Leyla Abdullayeva \u00e7\u0131x\u0131\u015f edib. Millinews.az Axar.az-a istinad\u0259n x\u0259b\u0259r verir ki, L.Abdullayeva Az\u0259rbaycan\u0131n 2020-ci ild\u0259 v\u0259 sonrak\u0131 d\u00f6vrd\u0259 f\u0259aliyy\u0259tinin yegan\u0259 m\u0259qs\u0259dinin \u0259razi b\u00fct\u00f6vl\u00fcy\u00fcn\u00fc b\u0259rpa etm\u0259k oldu\u011funu vur\u011fulay\u0131b. &#13; O bildirib ki, beyn\u0259lxalq ictimaiyy\u0259t d\u0259 Az\u0259rbaycan\u0131n &hellip;<\/p>\n","protected":false},"author":1,"featured_media":8794,"comment_status":"open","ping_status":"closed","sticky":false,"template":"","format":"standard","meta":{"footnotes":""},"categories":[9],"tags":[],"class_list":["post-8793","post","type-post","status-publish","format-standard","has-post-thumbnail","hentry","category-xeber"],"_links":{"self":[{"href":"https:\/\/millitv.net\/index.php?rest_route=\/wp\/v2\/posts\/8793","targetHints":{"allow":["GET"]}}],"collection":[{"href":"https:\/\/millitv.net\/index.php?rest_route=\/wp\/v2\/posts"}],"about":[{"href":"https:\/\/millitv.net\/index.php?rest_route=\/wp\/v2\/types\/post"}],"author":[{"embeddable":true,"href":"https:\/\/millitv.net\/index.php?rest_route=\/wp\/v2\/users\/1"}],"replies":[{"embeddable":true,"href":"https:\/\/millitv.net\/index.php?rest_route=%2Fwp%2Fv2%2Fcomments&post=8793"}],"version-history":[{"count":0,"href":"https:\/\/millitv.net\/index.php?rest_route=\/wp\/v2\/posts\/8793\/revisions"}],"wp:featuredmedia":[{"embeddable":true,"href":"https:\/\/millitv.net\/index.php?rest_route=\/wp\/v2\/media\/8794"}],"wp:attachment":[{"href":"https:\/\/millitv.net\/index.php?rest_route=%2Fwp%2Fv2%2Fmedia&parent=8793"}],"wp:term":[{"taxonomy":"category","embeddable":true,"href":"https:\/\/millitv.net\/index.php?rest_route=%2Fwp%2Fv2%2Fcategories&post=8793"},{"taxonomy":"post_tag","embeddable":true,"href":"https:\/\/millitv.net\/index.php?rest_route=%2Fwp%2Fv2%2Ftags&post=8793"}],"curies":[{"name":"wp","href":"https:\/\/api.w.org\/{rel}","templated":true}]}}