{"id":8759,"date":"2023-11-10T10:42:33","date_gmt":"2023-11-10T10:42:33","guid":{"rendered":"https:\/\/millinews.az\/xeber\/doyusl%C9%99rd%C9%99-oldurul%C9%99n-az%C9%99rbaycan%C9%99silli-h%C9%99rbcinin-babasi-qarabagda-s%C9%99hid-olub\/"},"modified":"2023-11-10T10:42:33","modified_gmt":"2023-11-10T10:42:33","slug":"doyusl%C9%99rd%C9%99-oldurul%C9%99n-az%C9%99rbaycan%C9%99silli-h%C9%99rbcinin-babasi-qarabagda-s%C9%99hid-olub","status":"publish","type":"post","link":"https:\/\/millitv.net\/?p=8759","title":{"rendered":"&#8220;D\u00f6y\u00fc\u015fl\u0259rd\u0259 \u00f6ld\u00fcr\u00fcl\u0259n az\u0259rbaycan\u0259silli h\u0259rb\u00e7inin babas\u0131 Qaraba\u011fda \u015f\u0259hid olub&#8221;"},"content":{"rendered":"<div id=\"maincontent\">&#13;<br \/>\n        &#13;<\/p>\n<p><strong>H\u018fMAS-la d\u00f6y\u00fc\u015fl\u0259rd\u0259 \u00f6ld\u00fcr\u00fcl\u0259n az\u0259rbaycan\u0259silli h\u0259rb\u00e7i Lior \u018fzizovun babas\u0131 Vahid \u018fzizov Birinci Qaraba\u011f m\u00fcharib\u0259sind\u0259 \u015f\u0259hid olub.<\/strong><\/p>\n<p><a href=\"https:\/\/Millinews.az\" target=\"_blank\" class=\"kw-link\" rel=\"noopener\">Millinews.az<\/a> x\u0259b\u0259r verir ki, bu bar\u0259d\u0259 \u0130srailin Az\u0259rbaycandak\u0131 s\u0259firliyi &#8220;X&#8221; hesab\u0131nda payla\u015f\u0131m edib. &#13;\n<\/p>\n<p>&#8220;\u0130srailin Az\u0259rbaycandak\u0131 s\u0259firliyi olaraq, oktyabr\u0131n 7-d\u0259 H\u018fMAS-a qar\u015f\u0131 h\u0259rbi \u0259m\u0259liyyatlar zaman\u0131 az\u0259rbaycan\u0259silli, 20 ya\u015fl\u0131 serjant Lior \u018fzizovun h\u0259lak olmas\u0131ndan d\u0259rin k\u0259d\u0259r hissi ke\u00e7iririk. O, Qolani briqadas\u0131n\u0131n d\u00f6y\u00fc\u015f\u00e7\u00fcs\u00fc idi. Liorun atas\u0131 Timur 2005-ci ild\u0259 \u0130sraild\u0259 terror akt\u0131n\u0131n qurban\u0131 olub v\u0259 5 il sonra ald\u0131\u011f\u0131 fiziki v\u0259 psixi x\u0259sar\u0259tl\u0259rd\u0259n d\u00fcnyas\u0131n\u0131 d\u0259yi\u015fib. Babas\u0131 Vahid \u018fzizov 1992-ci ild\u0259 Birinci Qaraba\u011f m\u00fcharib\u0259si zaman\u0131 q\u0259hr\u0259mancas\u0131na h\u0259lak olub v\u0259 \u015e\u0259hidl\u0259r xiyaban\u0131nda d\u0259fn olunub. Bir ail\u0259nin \u00fc\u00e7 n\u0259sil boyunca a\u011fr\u0131 v\u0259 itkil\u0259rin\u0259 sonsuz h\u00fcznl\u0259 yas tuturuq. Liorun anas\u0131 Natali onu bel\u0259 xat\u0131rlay\u0131r: &#8220;O, h\u0259kim v\u0259 r\u0259ssam olmaq ist\u0259y\u0259n a\u011f\u0131ll\u0131, h\u0259ssas u\u015faq idi. Onunla ilk s\u00f6hb\u0259timiz \u015f\u0259nb\u0259 g\u00fcn\u00fc, m\u00fcharib\u0259nin ilk g\u00fcn\u00fcnd\u0259 oldu. Dedi ki, &#8220;burda at\u0131\u015fma gedir, amma yax\u015f\u0131yam, narahat olma. Ana, yen\u0259 z\u0259ng ed\u0259c\u0259y\u0259m, s\u00f6z verir\u0259m v\u0259 s\u0259ni sevir\u0259m&#8221;. Bu ondan g\u0259l\u0259n son z\u0259ng oldu. Liorun v\u0259 \u018fzizovlar ail\u0259sinin h\u0259yatdan k\u00f6\u00e7m\u00fc\u015f dig\u0259r \u00fczvl\u0259rinin ruhlar\u0131 \u015fad olsun&#8221;, &#8211; payla\u015f\u0131mda qeyd olunub.<\/p>\n<p><iframe id=\"twitter-widget-0\" scrolling=\"no\" frameborder=\"0\" allowtransparency=\"true\" allowfullscreen=\"true\" class=\"\" title=\"Twitter Tweet\" src=\"https:\/\/platform.twitter.com\/embed\/Tweet.html?dnt=false&amp;embedId=twitter-widget-0&amp;features=eyJ0ZndfdGltZWxpbmVfbGlzdCI6eyJidWNrZXQiOltdLCJ2ZXJzaW9uIjpudWxsfSwidGZ3X2ZvbGxvd2VyX2NvdW50X3N1bnNldCI6eyJidWNrZXQiOnRydWUsInZlcnNpb24iOm51bGx9LCJ0ZndfdHdlZXRfZWRpdF9iYWNrZW5kIjp7ImJ1Y2tldCI6Im9uIiwidmVyc2lvbiI6bnVsbH0sInRmd19yZWZzcmNfc2Vzc2lvbiI6eyJidWNrZXQiOiJvbiIsInZlcnNpb24iOm51bGx9LCJ0ZndfZm9zbnJfc29mdF9pbnRlcnZlbnRpb25zX2VuYWJsZWQiOnsiYnVja2V0Ijoib24iLCJ2ZXJzaW9uIjpudWxsfSwidGZ3X21peGVkX21lZGlhXzE1ODk3Ijp7ImJ1Y2tldCI6InRyZWF0bWVudCIsInZlcnNpb24iOm51bGx9LCJ0ZndfZXhwZXJpbWVudHNfY29va2llX2V4cGlyYXRpb24iOnsiYnVja2V0IjoxMjA5NjAwLCJ2ZXJzaW9uIjpudWxsfSwidGZ3X3Nob3dfYmlyZHdhdGNoX3Bpdm90c19lbmFibGVkIjp7ImJ1Y2tldCI6Im9uIiwidmVyc2lvbiI6bnVsbH0sInRmd19kdXBsaWNhdGVfc2NyaWJlc190b19zZXR0aW5ncyI6eyJidWNrZXQiOiJvbiIsInZlcnNpb24iOm51bGx9LCJ0ZndfdXNlX3Byb2ZpbGVfaW1hZ2Vfc2hhcGVfZW5hYmxlZCI6eyJidWNrZXQiOiJvbiIsInZlcnNpb24iOm51bGx9LCJ0ZndfdmlkZW9faGxzX2R5bmFtaWNfbWFuaWZlc3RzXzE1MDgyIjp7ImJ1Y2tldCI6InRydWVfYml0cmF0ZSIsInZlcnNpb24iOm51bGx9LCJ0ZndfbGVnYWN5X3RpbWVsaW5lX3N1bnNldCI6eyJidWNrZXQiOnRydWUsInZlcnNpb24iOm51bGx9LCJ0ZndfdHdlZXRfZWRpdF9mcm9udGVuZCI6eyJidWNrZXQiOiJvbiIsInZlcnNpb24iOm51bGx9fQ%3D%3D&amp;frame=false&amp;hideCard=false&amp;hideThread=false&amp;id=1722899368804499673&amp;lang=en&amp;origin=https%3A%2F%2Freport.az%2Fxarici-siyaset%2Fisrail-sefirliyi-hemas-la-doyuslerde-oldurulen-azerbaycanesilli-herbcinin-babasi-qarabagda-sehid-olub%2F&amp;sessionId=0ea72549abe5e9e7c1178d2cf71c2179627eec63&amp;theme=light&amp;widgetsVersion=01917f4d1d4cb%3A1696883169554&amp;width=550px\" data-tweet-id=\"1722899368804499673\" style=\"padding: 0px; display: block; max-width: 100%; position: static; visibility: visible; width: 550px; height: 648px; flex-grow: 1; margin: 0px auto !important;\"><\/iframe>&#13;<br \/>\n        &#13;<br \/>\n&#13;<br \/>\n        &#13;<br \/>\n&#13;\n        <\/p>\n<p><noscript><\/p>\n<p>You must enable Javascript on your browser for the site to work optimally and display sections completely.<\/p>\n<p><\/noscript>\t\t&#13;<br \/>\n\t\t&#13;\n    <\/div>\n<p><script type=\"text\/javascript\">jQuery(document).ready(function () {\n(function(d, s, id) {\n    var js, fjs = d.getElementsByTagName(s)[0];\n    if (d.getElementById(id))\n        return;\n    js = d.createElement(s);\n    js.id = id;\n    js.src = \"\/\/connect.facebook.net\/az_AZ\/all.js#xfbml=1&appId=1002485763137712\";\n    fjs.parentNode.insertBefore(js, fjs);\n}(document, 'script', 'facebook-jssdk'));                \n});<\/script><\/p>\n","protected":false},"excerpt":{"rendered":"<p>&#13; &#13; H\u018fMAS-la d\u00f6y\u00fc\u015fl\u0259rd\u0259 \u00f6ld\u00fcr\u00fcl\u0259n az\u0259rbaycan\u0259silli h\u0259rb\u00e7i Lior \u018fzizovun babas\u0131 Vahid \u018fzizov Birinci Qaraba\u011f m\u00fcharib\u0259sind\u0259 \u015f\u0259hid olub. Millinews.az x\u0259b\u0259r verir ki, bu bar\u0259d\u0259 \u0130srailin Az\u0259rbaycandak\u0131 s\u0259firliyi &#8220;X&#8221; hesab\u0131nda payla\u015f\u0131m edib. &#13; &#8220;\u0130srailin Az\u0259rbaycandak\u0131 s\u0259firliyi olaraq, oktyabr\u0131n 7-d\u0259 H\u018fMAS-a qar\u015f\u0131 h\u0259rbi \u0259m\u0259liyyatlar zaman\u0131 az\u0259rbaycan\u0259silli, 20 ya\u015fl\u0131 serjant Lior \u018fzizovun h\u0259lak olmas\u0131ndan d\u0259rin k\u0259d\u0259r hissi ke\u00e7iririk. O, &hellip;<\/p>\n","protected":false},"author":1,"featured_media":8760,"comment_status":"open","ping_status":"closed","sticky":false,"template":"","format":"standard","meta":{"footnotes":""},"categories":[9],"tags":[],"class_list":["post-8759","post","type-post","status-publish","format-standard","has-post-thumbnail","hentry","category-xeber"],"_links":{"self":[{"href":"https:\/\/millitv.net\/index.php?rest_route=\/wp\/v2\/posts\/8759","targetHints":{"allow":["GET"]}}],"collection":[{"href":"https:\/\/millitv.net\/index.php?rest_route=\/wp\/v2\/posts"}],"about":[{"href":"https:\/\/millitv.net\/index.php?rest_route=\/wp\/v2\/types\/post"}],"author":[{"embeddable":true,"href":"https:\/\/millitv.net\/index.php?rest_route=\/wp\/v2\/users\/1"}],"replies":[{"embeddable":true,"href":"https:\/\/millitv.net\/index.php?rest_route=%2Fwp%2Fv2%2Fcomments&post=8759"}],"version-history":[{"count":0,"href":"https:\/\/millitv.net\/index.php?rest_route=\/wp\/v2\/posts\/8759\/revisions"}],"wp:featuredmedia":[{"embeddable":true,"href":"https:\/\/millitv.net\/index.php?rest_route=\/wp\/v2\/media\/8760"}],"wp:attachment":[{"href":"https:\/\/millitv.net\/index.php?rest_route=%2Fwp%2Fv2%2Fmedia&parent=8759"}],"wp:term":[{"taxonomy":"category","embeddable":true,"href":"https:\/\/millitv.net\/index.php?rest_route=%2Fwp%2Fv2%2Fcategories&post=8759"},{"taxonomy":"post_tag","embeddable":true,"href":"https:\/\/millitv.net\/index.php?rest_route=%2Fwp%2Fv2%2Ftags&post=8759"}],"curies":[{"name":"wp","href":"https:\/\/api.w.org\/{rel}","templated":true}]}}