{"id":8738,"date":"2023-11-10T07:07:09","date_gmt":"2023-11-10T07:07:09","guid":{"rendered":"https:\/\/millinews.az\/xeber\/anasinin-m%C9%99zarini-ziyar%C9%99t%C9%99-ged%C9%99n-deputat-heyr%C9%99t%C9%99-g%C9%99ldi\/"},"modified":"2023-11-10T07:07:09","modified_gmt":"2023-11-10T07:07:09","slug":"anasinin-m%C9%99zarini-ziyar%C9%99t%C9%99-ged%C9%99n-deputat-heyr%C9%99t%C9%99-g%C9%99ldi","status":"publish","type":"post","link":"https:\/\/millitv.net\/?p=8738","title":{"rendered":"Anas\u0131n\u0131n m\u0259zar\u0131n\u0131 ziyar\u0259t\u0259 ged\u0259n deputat heyr\u0259t\u0259 g\u0259ldi"},"content":{"rendered":"<div id=\"maincontent\">&#13;<br \/>\n        &#13;<\/p>\n<p><strong>&#8220;Xank\u0259ndi azad olundu, F\u00fczuliy\u0259, Z\u0259ngilana, La\u00e7\u0131na v\u0259 dig\u0259r \u0259razil\u0259r\u0259 insanlar k\u00f6\u00e7\u00fcr\u00fcl\u00fcr. \u015eu\u015fa abadla\u015fd\u0131r\u0131l\u0131r, F\u00fczuli, A\u011fdam, C\u0259bray\u0131l, Z\u0259ngilan, Qubadl\u0131 yenid\u0259n tikilir. M\u0259n d\u0259 A\u011fdamda\u2013ata yurdumda g\u00f6z\u0259 bir ev tik\u0259c\u0259y\u0259m&#8221;.<\/strong><\/p>\n<p><a href=\"https:\/\/Millinews.az\" target=\"_blank\" class=\"kw-link\" rel=\"noopener\">Millinews.az<\/a> \u0130qtisadiyyat.az-a istinad\u0259n x\u0259b\u0259r verir ki, bunu Milli M\u0259clisin deputat\u0131 Aqil Abbas bildirib. &#13;\n<\/p>\n<p>&#8220;A\u011fdamda Qaraa\u011fac\u0131 deyil\u0259n q\u0259biristanl\u0131\u011fa anamla qarda\u015f\u0131m\u0131n q\u0259brini ziyar\u0259t etm\u0259y\u0259 getmi\u015fdim. T\u0259\u0259ss\u00fcfl\u0259r olsun ki, onlar\u0131n m\u0259zar\u0131n\u0131 tapa bilm\u0259dik. \u00c7\u00fcnki erm\u0259nil\u0259r h\u0259min m\u0259zarl\u0131\u011f\u0131 \u015fumlay\u0131blar. Onu he\u00e7 vaxt erm\u0259nil\u0259r\u0259 ba\u011f\u0131\u015flamayaca\u011fam. <\/p>\n<p>Amma Goranboyda bir k\u0259nd var. Orada erm\u0259ni q\u0259biristanl\u0131\u011f\u0131 h\u0259l\u0259 d\u0259 nec\u0259 qoyub gedibl\u0259rs\u0259, el\u0259 d\u0259 qal\u0131r. M\u0259n h\u0259min q\u0259biristanl\u0131q bar\u0259d\u0259 q\u0259zetd\u0259 d\u0259 yaz\u0131 yazm\u0131\u015fam. Ax\u0131r\u0131nc\u0131 erm\u0259ni q\u0259biri 1988-ci ild\u0259 sal\u0131n\u0131b orada. H\u0259min m\u0259zar bu g\u00fcn d\u0259 oldu\u011fu kimi qal\u0131r. He\u00e7 bir az\u0259rbaycanl\u0131 \u00f6lk\u0259d\u0259ki erm\u0259ni q\u0259birl\u0259rin\u0259 toxunmay\u0131b. \u00c7\u00fcnki biz anlay\u0131r\u0131q ki, insan \u00f6l\u0259nd\u0259 onun mill\u0259ti olmur&#8221;, &#8211; deputat \u0259lav\u0259 edib.&#13;<br \/>\n        &#13;<br \/>\n&#13;<br \/>\n        &#13;<br \/>\n&#13;\n        <\/p>\n<p><noscript><\/p>\n<p>You must enable Javascript on your browser for the site to work optimally and display sections completely.<\/p>\n<p><\/noscript>\t\t&#13;<br \/>\n\t\t&#13;\n    <\/div>\n<p><script type=\"text\/javascript\">jQuery(document).ready(function () {\n(function(d, s, id) {\n    var js, fjs = d.getElementsByTagName(s)[0];\n    if (d.getElementById(id))\n        return;\n    js = d.createElement(s);\n    js.id = id;\n    js.src = \"\/\/connect.facebook.net\/az_AZ\/all.js#xfbml=1&appId=1002485763137712\";\n    fjs.parentNode.insertBefore(js, fjs);\n}(document, 'script', 'facebook-jssdk'));                \n});<\/script><\/p>\n","protected":false},"excerpt":{"rendered":"<p>&#13; &#13; &#8220;Xank\u0259ndi azad olundu, F\u00fczuliy\u0259, Z\u0259ngilana, La\u00e7\u0131na v\u0259 dig\u0259r \u0259razil\u0259r\u0259 insanlar k\u00f6\u00e7\u00fcr\u00fcl\u00fcr. \u015eu\u015fa abadla\u015fd\u0131r\u0131l\u0131r, F\u00fczuli, A\u011fdam, C\u0259bray\u0131l, Z\u0259ngilan, Qubadl\u0131 yenid\u0259n tikilir. M\u0259n d\u0259 A\u011fdamda\u2013ata yurdumda g\u00f6z\u0259 bir ev tik\u0259c\u0259y\u0259m&#8221;. Millinews.az \u0130qtisadiyyat.az-a istinad\u0259n x\u0259b\u0259r verir ki, bunu Milli M\u0259clisin deputat\u0131 Aqil Abbas bildirib. &#13; &#8220;A\u011fdamda Qaraa\u011fac\u0131 deyil\u0259n q\u0259biristanl\u0131\u011fa anamla qarda\u015f\u0131m\u0131n q\u0259brini ziyar\u0259t etm\u0259y\u0259 getmi\u015fdim. T\u0259\u0259ss\u00fcfl\u0259r &hellip;<\/p>\n","protected":false},"author":1,"featured_media":8739,"comment_status":"open","ping_status":"closed","sticky":false,"template":"","format":"standard","meta":{"footnotes":""},"categories":[9],"tags":[],"class_list":["post-8738","post","type-post","status-publish","format-standard","has-post-thumbnail","hentry","category-xeber"],"_links":{"self":[{"href":"https:\/\/millitv.net\/index.php?rest_route=\/wp\/v2\/posts\/8738","targetHints":{"allow":["GET"]}}],"collection":[{"href":"https:\/\/millitv.net\/index.php?rest_route=\/wp\/v2\/posts"}],"about":[{"href":"https:\/\/millitv.net\/index.php?rest_route=\/wp\/v2\/types\/post"}],"author":[{"embeddable":true,"href":"https:\/\/millitv.net\/index.php?rest_route=\/wp\/v2\/users\/1"}],"replies":[{"embeddable":true,"href":"https:\/\/millitv.net\/index.php?rest_route=%2Fwp%2Fv2%2Fcomments&post=8738"}],"version-history":[{"count":0,"href":"https:\/\/millitv.net\/index.php?rest_route=\/wp\/v2\/posts\/8738\/revisions"}],"wp:featuredmedia":[{"embeddable":true,"href":"https:\/\/millitv.net\/index.php?rest_route=\/wp\/v2\/media\/8739"}],"wp:attachment":[{"href":"https:\/\/millitv.net\/index.php?rest_route=%2Fwp%2Fv2%2Fmedia&parent=8738"}],"wp:term":[{"taxonomy":"category","embeddable":true,"href":"https:\/\/millitv.net\/index.php?rest_route=%2Fwp%2Fv2%2Fcategories&post=8738"},{"taxonomy":"post_tag","embeddable":true,"href":"https:\/\/millitv.net\/index.php?rest_route=%2Fwp%2Fv2%2Ftags&post=8738"}],"curies":[{"name":"wp","href":"https:\/\/api.w.org\/{rel}","templated":true}]}}