{"id":872,"date":"2023-09-28T05:50:15","date_gmt":"2023-09-28T05:50:15","guid":{"rendered":"https:\/\/millinews.az\/?p=872"},"modified":"2023-09-28T05:50:17","modified_gmt":"2023-09-28T05:50:17","slug":"qarabagin-az%c9%99rbaycanin-oldugunu-coxdan-bilirdim-qarabag-sakini","status":"publish","type":"post","link":"https:\/\/millitv.net\/?p=872","title":{"rendered":"\u200b\u201cQaraba\u011f\u0131n Az\u0259rbaycan\u0131n oldu\u011funu \u00e7oxdan bilirdim\u201d &#8211;\u00a0Qaraba\u011f sakini"},"content":{"rendered":"\n<p><strong>\u201cQaraba\u011f\u0131n Az\u0259rbaycan\u0131n oldu\u011funu \u00e7oxdan bilirdim\u201d.<\/strong><\/p>\n\n\n\n<p>Bunu Qaraba\u011f\u0131n erm\u0259ni\u0259silli sakini Suren Babayan Baku TV-y\u0259 a\u00e7\u0131qlamas\u0131nda deyib.<\/p>\n\n\n\n<p>\u201cQoyunlar\u0131 yola sal\u0131b, sabah Tur\u015fsuya qay\u0131daca\u011fam. Uzun m\u00fcdd\u0259t Az\u0259rbaycanda fermer t\u0259s\u0259rr\u00fcfat\u0131m olub\u201d, \u2013 dey\u0259 o qeyd edib.<\/p>\n\n\n\n<figure class=\"wp-block-embed is-type-video is-provider-youtube wp-block-embed-youtube wp-embed-aspect-16-9 wp-has-aspect-ratio\"><div class=\"wp-block-embed__wrapper\">\n<iframe loading=\"lazy\" title=\"Qoyunlar\u0131 yola sal\u0131b, Tur\u015fsuya qay\u0131daca\u011fam: erm\u0259ni \u00e7obandan etiraf\" width=\"500\" height=\"281\" src=\"https:\/\/www.youtube.com\/embed\/GiQi1_uep94?feature=oembed\" frameborder=\"0\" allow=\"accelerometer; autoplay; clipboard-write; encrypted-media; gyroscope; picture-in-picture; web-share\" referrerpolicy=\"strict-origin-when-cross-origin\" allowfullscreen><\/iframe>\n<\/div><\/figure>\n","protected":false},"excerpt":{"rendered":"<p>\u201cQaraba\u011f\u0131n Az\u0259rbaycan\u0131n oldu\u011funu \u00e7oxdan bilirdim\u201d. Bunu Qaraba\u011f\u0131n erm\u0259ni\u0259silli sakini Suren Babayan Baku TV-y\u0259 a\u00e7\u0131qlamas\u0131nda deyib. \u201cQoyunlar\u0131 yola sal\u0131b, sabah Tur\u015fsuya qay\u0131daca\u011fam. Uzun m\u00fcdd\u0259t Az\u0259rbaycanda fermer t\u0259s\u0259rr\u00fcfat\u0131m olub\u201d, \u2013 dey\u0259 o qeyd edib.<\/p>\n","protected":false},"author":1,"featured_media":873,"comment_status":"open","ping_status":"closed","sticky":false,"template":"","format":"standard","meta":{"footnotes":""},"categories":[3],"tags":[],"class_list":["post-872","post","type-post","status-publish","format-standard","has-post-thumbnail","hentry","category-olke"],"_links":{"self":[{"href":"https:\/\/millitv.net\/index.php?rest_route=\/wp\/v2\/posts\/872","targetHints":{"allow":["GET"]}}],"collection":[{"href":"https:\/\/millitv.net\/index.php?rest_route=\/wp\/v2\/posts"}],"about":[{"href":"https:\/\/millitv.net\/index.php?rest_route=\/wp\/v2\/types\/post"}],"author":[{"embeddable":true,"href":"https:\/\/millitv.net\/index.php?rest_route=\/wp\/v2\/users\/1"}],"replies":[{"embeddable":true,"href":"https:\/\/millitv.net\/index.php?rest_route=%2Fwp%2Fv2%2Fcomments&post=872"}],"version-history":[{"count":0,"href":"https:\/\/millitv.net\/index.php?rest_route=\/wp\/v2\/posts\/872\/revisions"}],"wp:featuredmedia":[{"embeddable":true,"href":"https:\/\/millitv.net\/index.php?rest_route=\/wp\/v2\/media\/873"}],"wp:attachment":[{"href":"https:\/\/millitv.net\/index.php?rest_route=%2Fwp%2Fv2%2Fmedia&parent=872"}],"wp:term":[{"taxonomy":"category","embeddable":true,"href":"https:\/\/millitv.net\/index.php?rest_route=%2Fwp%2Fv2%2Fcategories&post=872"},{"taxonomy":"post_tag","embeddable":true,"href":"https:\/\/millitv.net\/index.php?rest_route=%2Fwp%2Fv2%2Ftags&post=872"}],"curies":[{"name":"wp","href":"https:\/\/api.w.org\/{rel}","templated":true}]}}