{"id":8717,"date":"2023-11-09T20:55:19","date_gmt":"2023-11-09T20:55:19","guid":{"rendered":"https:\/\/millinews.az\/xeber\/qarabag-bizi-t%C9%99%C9%99ccubl%C9%99ndirm%C9%99di-xabi-alonso\/"},"modified":"2023-11-09T20:55:19","modified_gmt":"2023-11-09T20:55:19","slug":"qarabag-bizi-t%C9%99%C9%99ccubl%C9%99ndirm%C9%99di-xabi-alonso","status":"publish","type":"post","link":"https:\/\/millitv.net\/?p=8717","title":{"rendered":"&#8220;Qaraba\u011f&#8221; bizi t\u0259\u0259cc\u00fcbl\u0259ndirm\u0259di &#8211; Xabi Alonso"},"content":{"rendered":"<div id=\"maincontent\">&#13;<br \/>\n        &#13;<\/p>\n<p><strong>&#8220;Son 15 d\u0259qiq\u0259 \u00e7ox g\u0259rgin ke\u00e7di, h\u0259min anlarda \u201cQaraba\u011f\u201d\u0131n h\u00fccumlar\u0131n\u0131n qar\u015f\u0131s\u0131n\u0131 alma\u011fa \u00e7al\u0131\u015f\u0131rd\u0131q&#8221;.<\/strong>&#13;\n<\/p>\n<p><a href=\"https:\/\/Millinews.az\" target=\"_blank\" class=\"kw-link\" rel=\"noopener\">Millinews.az<\/a> x\u0259b\u0259r verir ki, bunu Almaniyan\u0131n \u201cBayer 04\u201d klubunun ba\u015f m\u0259\u015fq\u00e7isi Xabi Alonso \u201cQaraba\u011f\u201da 1:0 hesab\u0131 il\u0259 qalib g\u0259ldikl\u0259ri UEFA Avropa Liqas\u0131n\u0131n qrup m\u0259rh\u0259l\u0259sinin IV tur oyunundan sonra m\u0259tbuat konfrans\u0131nda deyib.<\/p>\n<p>\u0130spaniyal\u0131 m\u00fct\u0259x\u0259ssis Az\u0259rbaycan \u00e7empionunun onlar\u0131 t\u0259\u0259cc\u00fcbl\u0259ndirm\u0259diyini s\u00f6yl\u0259yib:<\/p>\n<p>\u201cPenalti z\u0259rb\u0259si il\u0259 d\u0259 olsa, q\u0259l\u0259b\u0259 qazand\u0131q. \u201cQaraba\u011f\u201d g\u00fccl\u00fc komandad\u0131r, bizi t\u0259\u0259cc\u00fcbl\u0259ndirm\u0259di. Kiminl\u0259 qar\u015f\u0131la\u015fd\u0131\u011f\u0131m\u0131z\u0131 bilirdik. Bunu n\u0259z\u0259r\u0259 alaraq bura g\u0259lmi\u015fdik. Haz\u0131rda qrupda birinci yerd\u0259yik. Yen\u0259 d\u0259 q\u0259l\u0259b\u0259l\u0259ri s\u0131ralamal\u0131y\u0131q. Futbol\u00e7ular\u0131m\u0131z get-ged\u0259 daha yax\u015f\u0131 oyun s\u0259rgil\u0259m\u0259y\u0259 \u00e7al\u0131\u015f\u0131rlar\u201d.<\/p>\n<p>Xabi Alonso 14 il \u0259vv\u0259l Az\u0259rbaycana g\u0259ldiyini xat\u0131rladaraq, bu m\u00fcdd\u0259td\u0259 \u00e7ox d\u0259yi\u015fiklikl\u0259r oldu\u011funu bildirib:<\/p>\n<p>\u201cH\u0259m Az\u0259rbaycanda, h\u0259m d\u0259 \u201cQaraba\u011f\u201dda \u00e7ox d\u0259yi\u015fiklikl\u0259r olub. 14 il \u0259vv\u0259l he\u00e7 \u201cQaraba\u011f\u201d\u0131 tan\u0131m\u0131rd\u0131m. Amma indi n\u0259y\u0259 qadir oldu\u011funu bilir\u0259m. Bu klub ild\u0259n-il\u0259 b\u00f6y\u00fcy\u00fcr, n\u00f6vb\u0259ti u\u011furlar \u00fc\u00e7\u00fcn h\u0259r \u015feyi edir\u201d.<\/p>\n<p>Onun fikrinc\u0259, penalti epizodunda hakim haql\u0131 q\u0259rar verib:<\/p>\n<p>\u201cPenaltidir, ist\u0259r ilk d\u0259qiq\u0259l\u0259rd\u0259 olsun, ist\u0259rs\u0259 d\u0259 son d\u0259qiq\u0259l\u0259rd\u0259. \u018fg\u0259r \u0259ll\u0259 toxunu\u015f var idis\u0259, top qap\u0131ya t\u0259r\u0259f gedirdis\u0259, penalti idi. Referil\u0259r bu q\u0259rar\u0131 verir\u201d.<\/p>\n<p>41 ya\u015fl\u0131 \u00e7al\u0131\u015fd\u0131r\u0131c\u0131 qrupda ikinci yer u\u011frunda \u201cMolde\u201d il\u0259 \u201cQaraba\u011f\u201d aras\u0131nda r\u0259qab\u0259t ged\u0259c\u0259yini d\u00fc\u015f\u00fcn\u00fcr:<\/p>\n<p>\u201cHans\u0131 komandan\u0131n ikinci yeri tutma\u011fa qadir oldu\u011funu son g\u00f6r\u00fc\u015f g\u00f6st\u0259r\u0259c\u0259k\u201d.<\/p>\n<p>\u201cBayer 04\u201d\u00fcn ba\u015f m\u0259\u015fq\u00e7isi \u201cQaraba\u011f\u201d\u0131n hey\u0259tind\u0259 b\u0259y\u0259ndiyi oyun\u00e7ular\u0131n da adlar\u0131n\u0131 sadalay\u0131b:<\/p>\n<p>\u201cQaraba\u011f\u201d \u00e7ox g\u00f6z\u0259l komplektl\u0259\u015fib, yax\u015f\u0131 hey\u0259ti var. Marko Yankovi\u00e7, Abdullah Zubir v\u0259 Juninyo Olavionun ad\u0131n\u0131 \u00e7\u0259k\u0259 bil\u0259r\u0259m. Dig\u0259rl\u0259rinin x\u0259trin\u0259 d\u0259ym\u0259k ist\u0259mir\u0259m, ham\u0131s\u0131 yax\u015f\u0131d\u0131r. \u0130nan\u0131ram ki, onlar \u00fcz\u0259rl\u0259rin\u0259 d\u00fc\u015f\u0259ni ed\u0259c\u0259kl\u0259r\u201d.&#13;<br \/>\n        &#13;<br \/>\n&#13;<br \/>\n        &#13;<br \/>\n&#13;\n        <\/p>\n<p><noscript><\/p>\n<p>You must enable Javascript on your browser for the site to work optimally and display sections completely.<\/p>\n<p><\/noscript>\t\t&#13;<br \/>\n\t\t&#13;\n    <\/div>\n<p><script type=\"text\/javascript\">jQuery(document).ready(function () {\n(function(d, s, id) {\n    var js, fjs = d.getElementsByTagName(s)[0];\n    if (d.getElementById(id))\n        return;\n    js = d.createElement(s);\n    js.id = id;\n    js.src = \"\/\/connect.facebook.net\/az_AZ\/all.js#xfbml=1&appId=1002485763137712\";\n    fjs.parentNode.insertBefore(js, fjs);\n}(document, 'script', 'facebook-jssdk'));                \n});<\/script><\/p>\n","protected":false},"excerpt":{"rendered":"<p>&#13; &#13; &#8220;Son 15 d\u0259qiq\u0259 \u00e7ox g\u0259rgin ke\u00e7di, h\u0259min anlarda \u201cQaraba\u011f\u201d\u0131n h\u00fccumlar\u0131n\u0131n qar\u015f\u0131s\u0131n\u0131 alma\u011fa \u00e7al\u0131\u015f\u0131rd\u0131q&#8221;.&#13; Millinews.az x\u0259b\u0259r verir ki, bunu Almaniyan\u0131n \u201cBayer 04\u201d klubunun ba\u015f m\u0259\u015fq\u00e7isi Xabi Alonso \u201cQaraba\u011f\u201da 1:0 hesab\u0131 il\u0259 qalib g\u0259ldikl\u0259ri UEFA Avropa Liqas\u0131n\u0131n qrup m\u0259rh\u0259l\u0259sinin IV tur oyunundan sonra m\u0259tbuat konfrans\u0131nda deyib. \u0130spaniyal\u0131 m\u00fct\u0259x\u0259ssis Az\u0259rbaycan \u00e7empionunun onlar\u0131 t\u0259\u0259cc\u00fcbl\u0259ndirm\u0259diyini s\u00f6yl\u0259yib: \u201cPenalti z\u0259rb\u0259si &hellip;<\/p>\n","protected":false},"author":1,"featured_media":8718,"comment_status":"open","ping_status":"closed","sticky":false,"template":"","format":"standard","meta":{"footnotes":""},"categories":[9],"tags":[],"class_list":["post-8717","post","type-post","status-publish","format-standard","has-post-thumbnail","hentry","category-xeber"],"_links":{"self":[{"href":"https:\/\/millitv.net\/index.php?rest_route=\/wp\/v2\/posts\/8717","targetHints":{"allow":["GET"]}}],"collection":[{"href":"https:\/\/millitv.net\/index.php?rest_route=\/wp\/v2\/posts"}],"about":[{"href":"https:\/\/millitv.net\/index.php?rest_route=\/wp\/v2\/types\/post"}],"author":[{"embeddable":true,"href":"https:\/\/millitv.net\/index.php?rest_route=\/wp\/v2\/users\/1"}],"replies":[{"embeddable":true,"href":"https:\/\/millitv.net\/index.php?rest_route=%2Fwp%2Fv2%2Fcomments&post=8717"}],"version-history":[{"count":0,"href":"https:\/\/millitv.net\/index.php?rest_route=\/wp\/v2\/posts\/8717\/revisions"}],"wp:featuredmedia":[{"embeddable":true,"href":"https:\/\/millitv.net\/index.php?rest_route=\/wp\/v2\/media\/8718"}],"wp:attachment":[{"href":"https:\/\/millitv.net\/index.php?rest_route=%2Fwp%2Fv2%2Fmedia&parent=8717"}],"wp:term":[{"taxonomy":"category","embeddable":true,"href":"https:\/\/millitv.net\/index.php?rest_route=%2Fwp%2Fv2%2Fcategories&post=8717"},{"taxonomy":"post_tag","embeddable":true,"href":"https:\/\/millitv.net\/index.php?rest_route=%2Fwp%2Fv2%2Ftags&post=8717"}],"curies":[{"name":"wp","href":"https:\/\/api.w.org\/{rel}","templated":true}]}}