{"id":8697,"date":"2023-11-09T16:51:48","date_gmt":"2023-11-09T16:51:48","guid":{"rendered":"https:\/\/millinews.az\/xeber\/az%C9%99rbaycanda-agir-q%C9%99za-xeyli-yarali-var\/"},"modified":"2023-11-09T16:51:48","modified_gmt":"2023-11-09T16:51:48","slug":"az%C9%99rbaycanda-agir-q%C9%99za-xeyli-yarali-var","status":"publish","type":"post","link":"https:\/\/millitv.net\/?p=8697","title":{"rendered":"Az\u0259rbaycanda a\u011f\u0131r q\u0259za: Xeyli yaral\u0131 var"},"content":{"rendered":"<div id=\"maincontent\">&#13;<br \/>\n        &#13;<\/p>\n<p><strong>A\u011fsuda \u201cMercedes\u201d v\u0259 \u201cVAZ 2107\u201d markal\u0131 avtomobill\u0259rin toqqu\u015fmas\u0131 a\u011f\u0131r yol-n\u0259qliyyat hadis\u0259sin\u0259 s\u0259b\u0259b olub.<\/strong><\/p>\n<p><a href=\"https:\/\/Millinews.az\" target=\"_blank\" class=\"kw-link\" rel=\"noopener\">Millinews.az<\/a> x\u0259b\u0259r verir ki, hadis\u0259 Qaraqoyunlu k\u0259ndi \u0259razisind\u0259 qeyd\u0259 al\u0131n\u0131b.<\/p>\n<p>Q\u0259za n\u0259tic\u0259sind\u0259 h\u0259r iki avtomobilin s\u00fcr\u00fcc\u00fcl\u0259ri, o c\u00fcml\u0259d\u0259n \u00fc\u00e7\u00fc azya\u015fl\u0131 olmaqla \u00fcmumilikd\u0259 10 n\u0259f\u0259r x\u0259sar\u0259t al\u0131b.<\/p>\n<p>Z\u0259r\u0259r\u00e7\u0259kmi\u015fl\u0259r m\u00fcxt\u0259lif d\u0259r\u0259c\u0259li x\u0259sar\u0259tl\u0259rl\u0259 x\u0259st\u0259xanaya \u00e7atd\u0131r\u0131l\u0131blar.<\/p>\n<p>Faktla ba\u011fl\u0131 ara\u015fd\u0131rma ba\u015flan\u0131l\u0131b.<\/p>\n<p>***<\/p>\n<p><strong>A\u011fsuda ba\u015f ver\u0259n a\u011f\u0131r q\u0259zada x\u0259sar\u0259t alanlar\u0131n kimliyi m\u0259lum olub.<\/strong><\/p>\n<p>Bunlar A\u011fsu sakinl\u0259ri, \u201cVAZ 2107\u201dnin s\u00fcr\u00fcc\u00fcs\u00fc 32 ya\u015fl\u0131 Abd\u0131yev Malik S\u0259lim o\u011flu v\u0259 h\u0259r iki ma\u015f\u0131n\u0131n s\u0259rni\u015finl\u0259ri 33 ya\u015fl\u0131 Osmanl\u0131 Afaq Nizam\u0259ddin q\u0131z\u0131, 63 ya\u015fl\u0131 Qurbanova N\u0259zak\u0259t Alm\u0259mm\u0259d q\u0131z\u0131, 65 ya\u015fl\u0131 Abbasov Kamil Musaxan o\u011flu, s\u00fcr\u00fcc\u00fcn\u00fcn 7 ya\u015fl\u0131 q\u0131z\u0131 Abd\u0131yeva S\u0259ma Malik q\u0131z\u0131, 57 ya\u015fl\u0131 Abbasova G\u00fcl\u00fc\u015f Salman q\u0131z\u0131 v\u0259 31 ya\u015fl\u0131 Abd\u0131yeva Af\u0259t Nizam\u0259ddin q\u0131z\u0131d\u0131r.<\/p>\n<p>&#13;<br \/>\n        &#13;<br \/>\n&#13;<br \/>\n        &#13;<br \/>\n&#13;<\/p>\n<p><noscript><\/p>\n<p>You must enable Javascript on your browser for the site to work optimally and display sections completely.<\/p>\n<p><\/noscript>\t\t&#13;<br \/>\n\t\t&#13;\n    <\/div>\n<p><script type=\"text\/javascript\">jQuery(document).ready(function () {\n(function(d, s, id) {\n    var js, fjs = d.getElementsByTagName(s)[0];\n    if (d.getElementById(id))\n        return;\n    js = d.createElement(s);\n    js.id = id;\n    js.src = \"\/\/connect.facebook.net\/az_AZ\/all.js#xfbml=1&appId=1002485763137712\";\n    fjs.parentNode.insertBefore(js, fjs);\n}(document, 'script', 'facebook-jssdk'));                \n});<\/script><\/p>\n","protected":false},"excerpt":{"rendered":"<p>&#13; &#13; A\u011fsuda \u201cMercedes\u201d v\u0259 \u201cVAZ 2107\u201d markal\u0131 avtomobill\u0259rin toqqu\u015fmas\u0131 a\u011f\u0131r yol-n\u0259qliyyat hadis\u0259sin\u0259 s\u0259b\u0259b olub. Millinews.az x\u0259b\u0259r verir ki, hadis\u0259 Qaraqoyunlu k\u0259ndi \u0259razisind\u0259 qeyd\u0259 al\u0131n\u0131b. Q\u0259za n\u0259tic\u0259sind\u0259 h\u0259r iki avtomobilin s\u00fcr\u00fcc\u00fcl\u0259ri, o c\u00fcml\u0259d\u0259n \u00fc\u00e7\u00fc azya\u015fl\u0131 olmaqla \u00fcmumilikd\u0259 10 n\u0259f\u0259r x\u0259sar\u0259t al\u0131b. Z\u0259r\u0259r\u00e7\u0259kmi\u015fl\u0259r m\u00fcxt\u0259lif d\u0259r\u0259c\u0259li x\u0259sar\u0259tl\u0259rl\u0259 x\u0259st\u0259xanaya \u00e7atd\u0131r\u0131l\u0131blar. Faktla ba\u011fl\u0131 ara\u015fd\u0131rma ba\u015flan\u0131l\u0131b. *** A\u011fsuda ba\u015f ver\u0259n &hellip;<\/p>\n","protected":false},"author":1,"featured_media":8698,"comment_status":"open","ping_status":"closed","sticky":false,"template":"","format":"standard","meta":{"footnotes":""},"categories":[9],"tags":[],"class_list":["post-8697","post","type-post","status-publish","format-standard","has-post-thumbnail","hentry","category-xeber"],"_links":{"self":[{"href":"https:\/\/millitv.net\/index.php?rest_route=\/wp\/v2\/posts\/8697","targetHints":{"allow":["GET"]}}],"collection":[{"href":"https:\/\/millitv.net\/index.php?rest_route=\/wp\/v2\/posts"}],"about":[{"href":"https:\/\/millitv.net\/index.php?rest_route=\/wp\/v2\/types\/post"}],"author":[{"embeddable":true,"href":"https:\/\/millitv.net\/index.php?rest_route=\/wp\/v2\/users\/1"}],"replies":[{"embeddable":true,"href":"https:\/\/millitv.net\/index.php?rest_route=%2Fwp%2Fv2%2Fcomments&post=8697"}],"version-history":[{"count":0,"href":"https:\/\/millitv.net\/index.php?rest_route=\/wp\/v2\/posts\/8697\/revisions"}],"wp:featuredmedia":[{"embeddable":true,"href":"https:\/\/millitv.net\/index.php?rest_route=\/wp\/v2\/media\/8698"}],"wp:attachment":[{"href":"https:\/\/millitv.net\/index.php?rest_route=%2Fwp%2Fv2%2Fmedia&parent=8697"}],"wp:term":[{"taxonomy":"category","embeddable":true,"href":"https:\/\/millitv.net\/index.php?rest_route=%2Fwp%2Fv2%2Fcategories&post=8697"},{"taxonomy":"post_tag","embeddable":true,"href":"https:\/\/millitv.net\/index.php?rest_route=%2Fwp%2Fv2%2Ftags&post=8697"}],"curies":[{"name":"wp","href":"https:\/\/api.w.org\/{rel}","templated":true}]}}