{"id":8695,"date":"2023-11-09T15:31:51","date_gmt":"2023-11-09T15:31:51","guid":{"rendered":"https:\/\/millinews.az\/xeber\/2023-indiy%C9%99-kimi-qeyd%C9%99-alinmis-%C9%99n-isti-il-ola-bil%C9%99r\/"},"modified":"2023-11-09T15:31:51","modified_gmt":"2023-11-09T15:31:51","slug":"2023-indiy%C9%99-kimi-qeyd%C9%99-alinmis-%C9%99n-isti-il-ola-bil%C9%99r","status":"publish","type":"post","link":"https:\/\/millitv.net\/?p=8695","title":{"rendered":"2023 indiy\u0259 kimi qeyd\u0259 al\u0131nm\u0131\u015f \u0259n isti il ola bil\u0259r"},"content":{"rendered":"<div id=\"maincontent\">&#13;<br \/>\n        &#13;<\/p>\n<p><strong>2023-c\u00fc ilin oktyabr ay\u0131 b\u00fct\u00fcn m\u00fc\u015fahid\u0259l\u0259r d\u00f6vr\u00fcnd\u0259 \u0259n isti, el\u0259c\u0259 d\u0259 rekord y\u00fcks\u0259k temperaturu olan ard\u0131c\u0131l be\u015finci ay olub, 2023-c\u00fc il is\u0259 \u00e7ox g\u00fcman ki, \u0259n isti il olacaq.<\/strong><\/p>\n<p><a href=\"https:\/\/Millinews.az\" target=\"_blank\" class=\"kw-link\" rel=\"noopener\">Millinews.az<\/a> Trend-\u0259 istinad\u0259n x\u0259b\u0259r verir ki, bu bar\u0259d\u0259 \u00dcmumd\u00fcnya Meteorologiya T\u0259\u015fkilat\u0131ndan (\u00dcMT) bildirilib. &#13;\n<\/p>\n<p>Oktyabr ay\u0131ndak\u0131 temperatur 1991-2020\u2013ci ill\u0259rin orta g\u00f6st\u0259ricisini 0,85 d\u0259r\u0259c\u0259 Selsi, \u0259vv\u0259lki oktyabr rekordunu is\u0259 0,4 d\u0259r\u0259c\u0259 Selsi \u00fcst\u0259l\u0259yib.<\/p>\n<p>Bu ilin yanvar-oktyabr aylar\u0131nda orta qlobal temperatur b\u00fct\u00fcn m\u00fc\u015fahid\u0259l\u0259r d\u00f6vr\u00fcnd\u0259 \u0259n y\u00fcks\u0259k olub: 1850-1900-c\u00fc ill\u0259rin orta g\u00f6st\u0259ricisind\u0259n 1,43 d\u0259r\u0259c\u0259 Selsi v\u0259 2016-c\u0131 ilin analoji d\u00f6vr\u00fc il\u0259 m\u00fcqayis\u0259d\u0259 0,1 d\u0259r\u0259c\u0259 Selsi daha y\u00fcks\u0259kdir.<\/p>\n<p>Oktyabr ay\u0131nda Antarktidadak\u0131 d\u0259niz buz sah\u0259si ard\u0131c\u0131l alt\u0131nc\u0131 ay \u0259rzind\u0259 \u0259n a\u015fa\u011f\u0131 s\u0259viyy\u0259d\u0259 qal\u0131b, 60 d\u0259r\u0259c\u0259 c\u0259nub enliyi il\u0259 60 d\u0259r\u0259c\u0259 \u015fimal enliyi aras\u0131ndak\u0131 d\u0259niz s\u0259thinin orta temperaturu b\u00fct\u00fcn m\u00fc\u015fahid\u0259l\u0259r d\u00f6vr\u00fcnd\u0259 oktyabr ay\u0131 \u00fc\u00e7\u00fcn \u0259n y\u00fcks\u0259k olub.&#13;<br \/>\n        &#13;<br \/>\n&#13;<br \/>\n        &#13;<br \/>\n&#13;\n        <\/p>\n<p><noscript><\/p>\n<p>You must enable Javascript on your browser for the site to work optimally and display sections completely.<\/p>\n<p><\/noscript>\t\t&#13;<br \/>\n\t\t&#13;\n    <\/div>\n<p><script type=\"text\/javascript\">jQuery(document).ready(function () {\n(function(d, s, id) {\n    var js, fjs = d.getElementsByTagName(s)[0];\n    if (d.getElementById(id))\n        return;\n    js = d.createElement(s);\n    js.id = id;\n    js.src = \"\/\/connect.facebook.net\/az_AZ\/all.js#xfbml=1&appId=1002485763137712\";\n    fjs.parentNode.insertBefore(js, fjs);\n}(document, 'script', 'facebook-jssdk'));                \n});<\/script><\/p>\n","protected":false},"excerpt":{"rendered":"<p>&#13; &#13; 2023-c\u00fc ilin oktyabr ay\u0131 b\u00fct\u00fcn m\u00fc\u015fahid\u0259l\u0259r d\u00f6vr\u00fcnd\u0259 \u0259n isti, el\u0259c\u0259 d\u0259 rekord y\u00fcks\u0259k temperaturu olan ard\u0131c\u0131l be\u015finci ay olub, 2023-c\u00fc il is\u0259 \u00e7ox g\u00fcman ki, \u0259n isti il olacaq. Millinews.az Trend-\u0259 istinad\u0259n x\u0259b\u0259r verir ki, bu bar\u0259d\u0259 \u00dcmumd\u00fcnya Meteorologiya T\u0259\u015fkilat\u0131ndan (\u00dcMT) bildirilib. &#13; Oktyabr ay\u0131ndak\u0131 temperatur 1991-2020\u2013ci ill\u0259rin orta g\u00f6st\u0259ricisini 0,85 d\u0259r\u0259c\u0259 Selsi, &hellip;<\/p>\n","protected":false},"author":1,"featured_media":8696,"comment_status":"open","ping_status":"closed","sticky":false,"template":"","format":"standard","meta":{"footnotes":""},"categories":[9],"tags":[],"class_list":["post-8695","post","type-post","status-publish","format-standard","has-post-thumbnail","hentry","category-xeber"],"_links":{"self":[{"href":"https:\/\/millitv.net\/index.php?rest_route=\/wp\/v2\/posts\/8695","targetHints":{"allow":["GET"]}}],"collection":[{"href":"https:\/\/millitv.net\/index.php?rest_route=\/wp\/v2\/posts"}],"about":[{"href":"https:\/\/millitv.net\/index.php?rest_route=\/wp\/v2\/types\/post"}],"author":[{"embeddable":true,"href":"https:\/\/millitv.net\/index.php?rest_route=\/wp\/v2\/users\/1"}],"replies":[{"embeddable":true,"href":"https:\/\/millitv.net\/index.php?rest_route=%2Fwp%2Fv2%2Fcomments&post=8695"}],"version-history":[{"count":0,"href":"https:\/\/millitv.net\/index.php?rest_route=\/wp\/v2\/posts\/8695\/revisions"}],"wp:featuredmedia":[{"embeddable":true,"href":"https:\/\/millitv.net\/index.php?rest_route=\/wp\/v2\/media\/8696"}],"wp:attachment":[{"href":"https:\/\/millitv.net\/index.php?rest_route=%2Fwp%2Fv2%2Fmedia&parent=8695"}],"wp:term":[{"taxonomy":"category","embeddable":true,"href":"https:\/\/millitv.net\/index.php?rest_route=%2Fwp%2Fv2%2Fcategories&post=8695"},{"taxonomy":"post_tag","embeddable":true,"href":"https:\/\/millitv.net\/index.php?rest_route=%2Fwp%2Fv2%2Ftags&post=8695"}],"curies":[{"name":"wp","href":"https:\/\/api.w.org\/{rel}","templated":true}]}}