{"id":8677,"date":"2023-11-09T10:47:28","date_gmt":"2023-11-09T10:47:28","guid":{"rendered":"https:\/\/millinews.az\/xeber\/yol-polisi-surucul%C9%99r%C9%99-muraci%C9%99t-edib\/"},"modified":"2023-11-09T10:47:28","modified_gmt":"2023-11-09T10:47:28","slug":"yol-polisi-surucul%C9%99r%C9%99-muraci%C9%99t-edib","status":"publish","type":"post","link":"https:\/\/millitv.net\/?p=8677","title":{"rendered":"Yol polisi s\u00fcr\u00fcc\u00fcl\u0259r\u0259 m\u00fcraci\u0259t edib"},"content":{"rendered":"<div id=\"maincontent\">&#13;<br \/>\n        &#13;<\/p>\n<p><strong\/><strong>Bak\u0131 \u015e\u0259h\u0259r D\u00f6vl\u0259t Yol Polisi \u0130dar\u0259si Yasamal rayonunun \u0259razisind\u0259 yoldak\u0131 t\u0259mirl\u0259 \u0259laq\u0259dar h\u0259r\u0259k\u0259tin istiqam\u0259ti il\u0259 ba\u011fl\u0131 s\u00fcr\u00fcc\u00fcl\u0259r\u0259 m\u00fcraci\u0259t edib<\/strong>.<\/p>\n<p><a href=\"https:\/\/Millinews.az\" target=\"_blank\" class=\"kw-link\" rel=\"noopener\">Millinews.az<\/a> bildirir ki, bu bar\u0259d\u0259 idar\u0259nin \u0259m\u0259kda\u015f\u0131 Araz \u018fsg\u0259rli m\u0259lumat verib. &#13;\n<\/p>\n<p>Bildirilib ki, \u201cQurd qap\u0131s\u0131\u201dndan Badamdara ged\u0259n istiqam\u0259td\u0259 yolun 50 metrlik hiss\u0259sind\u0259 t\u0259mir i\u015fl\u0259ri il\u0259 \u0259laq\u0259dar olaraq h\u0259r\u0259k\u0259tin istiqam\u0259ti d\u0259yi\u015fdirilir. Bu, \u0259sas\u0259n h\u0259min yoldan istifad\u0259 ed\u0259n v\u0259 Badamdarda ya\u015fayan sakinl\u0259r \u00fc\u00e7\u00fcn \u0259h\u0259miyy\u0259tlidir. Bel\u0259 ki, Bak\u0131 \u015f\u0259h\u0259r D\u00f6vl\u0259t Yol Polisi \u0130dar\u0259sinin yan\u0131ndak\u0131 dair\u0259d\u0259n geriy\u0259 h\u0259r\u0259k\u0259t edib sa\u011fa Badamdara daxil ola bil\u0259c\u0259kl\u0259r.<\/p>\n<p>\u201cT\u0259mir i\u015fl\u0259rinin be\u015f g\u00fcn davam etm\u0259si n\u0259z\u0259rd\u0259 tutulub. Xahi\u015f edirik ki, s\u00fcr\u00fcc\u00fcl\u0259r h\u0259r\u0259k\u0259tin m\u00fcv\u0259qq\u0259ti d\u0259yi\u015fdirilm\u0259sini n\u0259z\u0259r\u0259 als\u0131n\u201d, &#8211; dey\u0259 A.\u018fsg\u0259rli vur\u011fulay\u0131b.&#13;<br \/>\n        &#13;<br \/>\n&#13;<br \/>\n        &#13;<br \/>\n&#13;\n        <\/p>\n<p><noscript><\/p>\n<p>You must enable Javascript on your browser for the site to work optimally and display sections completely.<\/p>\n<p><\/noscript>\t\t&#13;<br \/>\n\t\t&#13;\n    <\/div>\n<p><script type=\"text\/javascript\">jQuery(document).ready(function () {\n(function(d, s, id) {\n    var js, fjs = d.getElementsByTagName(s)[0];\n    if (d.getElementById(id))\n        return;\n    js = d.createElement(s);\n    js.id = id;\n    js.src = \"\/\/connect.facebook.net\/az_AZ\/all.js#xfbml=1&appId=1002485763137712\";\n    fjs.parentNode.insertBefore(js, fjs);\n}(document, 'script', 'facebook-jssdk'));                \n});<\/script><\/p>\n","protected":false},"excerpt":{"rendered":"<p>&#13; &#13; Bak\u0131 \u015e\u0259h\u0259r D\u00f6vl\u0259t Yol Polisi \u0130dar\u0259si Yasamal rayonunun \u0259razisind\u0259 yoldak\u0131 t\u0259mirl\u0259 \u0259laq\u0259dar h\u0259r\u0259k\u0259tin istiqam\u0259ti il\u0259 ba\u011fl\u0131 s\u00fcr\u00fcc\u00fcl\u0259r\u0259 m\u00fcraci\u0259t edib. Millinews.az bildirir ki, bu bar\u0259d\u0259 idar\u0259nin \u0259m\u0259kda\u015f\u0131 Araz \u018fsg\u0259rli m\u0259lumat verib. &#13; Bildirilib ki, \u201cQurd qap\u0131s\u0131\u201dndan Badamdara ged\u0259n istiqam\u0259td\u0259 yolun 50 metrlik hiss\u0259sind\u0259 t\u0259mir i\u015fl\u0259ri il\u0259 \u0259laq\u0259dar olaraq h\u0259r\u0259k\u0259tin istiqam\u0259ti d\u0259yi\u015fdirilir. Bu, \u0259sas\u0259n h\u0259min &hellip;<\/p>\n","protected":false},"author":1,"featured_media":8678,"comment_status":"open","ping_status":"closed","sticky":false,"template":"","format":"standard","meta":{"footnotes":""},"categories":[9],"tags":[],"class_list":["post-8677","post","type-post","status-publish","format-standard","has-post-thumbnail","hentry","category-xeber"],"_links":{"self":[{"href":"https:\/\/millitv.net\/index.php?rest_route=\/wp\/v2\/posts\/8677","targetHints":{"allow":["GET"]}}],"collection":[{"href":"https:\/\/millitv.net\/index.php?rest_route=\/wp\/v2\/posts"}],"about":[{"href":"https:\/\/millitv.net\/index.php?rest_route=\/wp\/v2\/types\/post"}],"author":[{"embeddable":true,"href":"https:\/\/millitv.net\/index.php?rest_route=\/wp\/v2\/users\/1"}],"replies":[{"embeddable":true,"href":"https:\/\/millitv.net\/index.php?rest_route=%2Fwp%2Fv2%2Fcomments&post=8677"}],"version-history":[{"count":0,"href":"https:\/\/millitv.net\/index.php?rest_route=\/wp\/v2\/posts\/8677\/revisions"}],"wp:featuredmedia":[{"embeddable":true,"href":"https:\/\/millitv.net\/index.php?rest_route=\/wp\/v2\/media\/8678"}],"wp:attachment":[{"href":"https:\/\/millitv.net\/index.php?rest_route=%2Fwp%2Fv2%2Fmedia&parent=8677"}],"wp:term":[{"taxonomy":"category","embeddable":true,"href":"https:\/\/millitv.net\/index.php?rest_route=%2Fwp%2Fv2%2Fcategories&post=8677"},{"taxonomy":"post_tag","embeddable":true,"href":"https:\/\/millitv.net\/index.php?rest_route=%2Fwp%2Fv2%2Ftags&post=8677"}],"curies":[{"name":"wp","href":"https:\/\/api.w.org\/{rel}","templated":true}]}}