{"id":8667,"date":"2023-11-09T08:09:06","date_gmt":"2023-11-09T08:09:06","guid":{"rendered":"https:\/\/millinews.az\/xeber\/mehriban-eliyeva-dovl%C9%99t-bayragi-gunu-il%C9%99-bagli-paylasim-edib\/"},"modified":"2023-11-09T08:09:06","modified_gmt":"2023-11-09T08:09:06","slug":"mehriban-eliyeva-dovl%C9%99t-bayragi-gunu-il%C9%99-bagli-paylasim-edib","status":"publish","type":"post","link":"https:\/\/millitv.net\/?p=8667","title":{"rendered":"Mehriban \u018fliyeva D\u00f6vl\u0259t Bayra\u011f\u0131 G\u00fcn\u00fc il\u0259 ba\u011fl\u0131 payla\u015f\u0131m edib"},"content":{"rendered":"<div id=\"maincontent\">&#13;<br \/>\n        &#13;<\/p>\n<p><strong>Az\u0259rbaycan Respublikas\u0131n\u0131n Birinci vitse-prezidenti Mehriban \u018fliyeva r\u0259smi instaqram hesab\u0131nda 9 Noyabr &#8211; D\u00f6vl\u0259t Bayra\u011f\u0131 G\u00fcn\u00fc il\u0259 ba\u011fl\u0131 payla\u015f\u0131m edib.<\/strong><\/p>\n<p><a href=\"https:\/\/Millinews.az\" target=\"_blank\" class=\"kw-link\" rel=\"noopener\">Millinews.az<\/a> bildirir ki, payla\u015f\u0131mda qeyd edilib: &#13;\n<\/p>\n<p>\u201cQoy q\u0259lbimiz h\u0259r zaman V\u0259t\u0259nimiz\u0259, bayra\u011f\u0131m\u0131za v\u0259 xalq\u0131m\u0131za g\u00f6r\u0259 q\u00fcrur hissiyl\u0259 dolsun!\u201d<span\/><\/p>\n<p><img decoding=\"async\" src=\"https:\/\/Millinews.az\/uploads\/317\/1dc70b63fc-aaa.jpg\" alt=\"\" title=\"\">&#13;<br \/>\n        &#13;<br \/>\n&#13;<br \/>\n        &#13;<br \/>\n&#13;\n        <\/p>\n<p><noscript><\/p>\n<p>You must enable Javascript on your browser for the site to work optimally and display sections completely.<\/p>\n<p><\/noscript>\t\t&#13;<br \/>\n\t\t&#13;\n    <\/div>\n<p><script type=\"text\/javascript\">jQuery(document).ready(function () {\n(function(d, s, id) {\n    var js, fjs = d.getElementsByTagName(s)[0];\n    if (d.getElementById(id))\n        return;\n    js = d.createElement(s);\n    js.id = id;\n    js.src = \"\/\/connect.facebook.net\/az_AZ\/all.js#xfbml=1&appId=1002485763137712\";\n    fjs.parentNode.insertBefore(js, fjs);\n}(document, 'script', 'facebook-jssdk'));                \n});<\/script><\/p>\n","protected":false},"excerpt":{"rendered":"<p>&#13; &#13; Az\u0259rbaycan Respublikas\u0131n\u0131n Birinci vitse-prezidenti Mehriban \u018fliyeva r\u0259smi instaqram hesab\u0131nda 9 Noyabr &#8211; D\u00f6vl\u0259t Bayra\u011f\u0131 G\u00fcn\u00fc il\u0259 ba\u011fl\u0131 payla\u015f\u0131m edib. Millinews.az bildirir ki, payla\u015f\u0131mda qeyd edilib: &#13; \u201cQoy q\u0259lbimiz h\u0259r zaman V\u0259t\u0259nimiz\u0259, bayra\u011f\u0131m\u0131za v\u0259 xalq\u0131m\u0131za g\u00f6r\u0259 q\u00fcrur hissiyl\u0259 dolsun!\u201d &#13; &#13; &#13; &#13; &#13; You must enable Javascript on your browser for the site &hellip;<\/p>\n","protected":false},"author":1,"featured_media":8668,"comment_status":"open","ping_status":"closed","sticky":false,"template":"","format":"standard","meta":{"footnotes":""},"categories":[9],"tags":[],"class_list":["post-8667","post","type-post","status-publish","format-standard","has-post-thumbnail","hentry","category-xeber"],"_links":{"self":[{"href":"https:\/\/millitv.net\/index.php?rest_route=\/wp\/v2\/posts\/8667","targetHints":{"allow":["GET"]}}],"collection":[{"href":"https:\/\/millitv.net\/index.php?rest_route=\/wp\/v2\/posts"}],"about":[{"href":"https:\/\/millitv.net\/index.php?rest_route=\/wp\/v2\/types\/post"}],"author":[{"embeddable":true,"href":"https:\/\/millitv.net\/index.php?rest_route=\/wp\/v2\/users\/1"}],"replies":[{"embeddable":true,"href":"https:\/\/millitv.net\/index.php?rest_route=%2Fwp%2Fv2%2Fcomments&post=8667"}],"version-history":[{"count":0,"href":"https:\/\/millitv.net\/index.php?rest_route=\/wp\/v2\/posts\/8667\/revisions"}],"wp:featuredmedia":[{"embeddable":true,"href":"https:\/\/millitv.net\/index.php?rest_route=\/wp\/v2\/media\/8668"}],"wp:attachment":[{"href":"https:\/\/millitv.net\/index.php?rest_route=%2Fwp%2Fv2%2Fmedia&parent=8667"}],"wp:term":[{"taxonomy":"category","embeddable":true,"href":"https:\/\/millitv.net\/index.php?rest_route=%2Fwp%2Fv2%2Fcategories&post=8667"},{"taxonomy":"post_tag","embeddable":true,"href":"https:\/\/millitv.net\/index.php?rest_route=%2Fwp%2Fv2%2Ftags&post=8667"}],"curies":[{"name":"wp","href":"https:\/\/api.w.org\/{rel}","templated":true}]}}