{"id":8663,"date":"2023-11-09T07:20:21","date_gmt":"2023-11-09T07:20:21","guid":{"rendered":"https:\/\/millinews.az\/xeber\/savkat-mirziyoyev-az%C9%99rbaycan-prezidentin%C9%99-t%C9%99s%C9%99kkur-edib\/"},"modified":"2023-11-09T07:20:21","modified_gmt":"2023-11-09T07:20:21","slug":"savkat-mirziyoyev-az%C9%99rbaycan-prezidentin%C9%99-t%C9%99s%C9%99kkur-edib","status":"publish","type":"post","link":"https:\/\/millitv.net\/?p=8663","title":{"rendered":"\u015eavkat Mirziyoyev Az\u0259rbaycan Prezidentin\u0259 t\u0259\u015f\u0259kk\u00fcr edib"},"content":{"rendered":"<div id=\"maincontent\">&#13;<br \/>\n        &#13;<\/p>\n<p><strong>\u00d6zb\u0259kistan Prezidenti \u015eavkat Mirziyoyev Az\u0259rbaycan Prezidenti \u0130lham \u018fliyev\u0259 \u0130\u018fT-\u0259 u\u011furlu s\u0259drliyin\u0259 g\u00f6r\u0259 t\u0259\u015f\u0259kk\u00fcr edib v\u0259 t\u0259brik edib.<\/strong><\/p>\n<p><a href=\"https:\/\/Millinews.az\" target=\"_blank\" class=\"kw-link\" rel=\"noopener\">Millinews.az<\/a> x\u0259b\u0259r verir ki, bu bar\u0259d\u0259 o \u0130qtisadi \u018fm\u0259kda\u015fl\u0131q T\u0259\u015fkilat\u0131n\u0131n (\u0130\u018fT) 16-c\u0131 sammitinin a\u00e7\u0131l\u0131\u015f\u0131 zaman\u0131 bildirib. &#13;\n<\/p>\n<p>O qeyd edib ki, Az\u0259rbaycan s\u0259drliyi d\u00f6vr\u00fcnd\u0259 bir s\u0131ra t\u0259\u015f\u0259bb\u00fcsl\u0259rl\u0259 \u00e7\u0131x\u0131\u015f edib v\u0259 t\u0259\u015fkilat\u0131n f\u0259aliyy\u0259tin\u0259 s\u0259m\u0259r\u0259li t\u00f6hf\u0259 verib.<\/p>\n<p>Prezident Mirziyoyev deyib ki, Az\u0259rbaycan\u0131n \u0259laq\u0259l\u0259nm\u0259 v\u0259 ya\u015f\u0131l enerji il\u0259 ba\u011fl\u0131 t\u0259\u015f\u0259bb\u00fcsl\u0259ri vacibdir.&#13;<br \/>\n        &#13;<br \/>\n&#13;<br \/>\n        &#13;<br \/>\n&#13;\n        <\/p>\n<p><noscript><\/p>\n<p>You must enable Javascript on your browser for the site to work optimally and display sections completely.<\/p>\n<p><\/noscript>\t\t&#13;<br \/>\n\t\t&#13;\n    <\/div>\n<p><script type=\"text\/javascript\">jQuery(document).ready(function () {\n(function(d, s, id) {\n    var js, fjs = d.getElementsByTagName(s)[0];\n    if (d.getElementById(id))\n        return;\n    js = d.createElement(s);\n    js.id = id;\n    js.src = \"\/\/connect.facebook.net\/az_AZ\/all.js#xfbml=1&appId=1002485763137712\";\n    fjs.parentNode.insertBefore(js, fjs);\n}(document, 'script', 'facebook-jssdk'));                \n});<\/script><\/p>\n","protected":false},"excerpt":{"rendered":"<p>&#13; &#13; \u00d6zb\u0259kistan Prezidenti \u015eavkat Mirziyoyev Az\u0259rbaycan Prezidenti \u0130lham \u018fliyev\u0259 \u0130\u018fT-\u0259 u\u011furlu s\u0259drliyin\u0259 g\u00f6r\u0259 t\u0259\u015f\u0259kk\u00fcr edib v\u0259 t\u0259brik edib. Millinews.az x\u0259b\u0259r verir ki, bu bar\u0259d\u0259 o \u0130qtisadi \u018fm\u0259kda\u015fl\u0131q T\u0259\u015fkilat\u0131n\u0131n (\u0130\u018fT) 16-c\u0131 sammitinin a\u00e7\u0131l\u0131\u015f\u0131 zaman\u0131 bildirib. &#13; O qeyd edib ki, Az\u0259rbaycan s\u0259drliyi d\u00f6vr\u00fcnd\u0259 bir s\u0131ra t\u0259\u015f\u0259bb\u00fcsl\u0259rl\u0259 \u00e7\u0131x\u0131\u015f edib v\u0259 t\u0259\u015fkilat\u0131n f\u0259aliyy\u0259tin\u0259 s\u0259m\u0259r\u0259li t\u00f6hf\u0259 verib. Prezident &hellip;<\/p>\n","protected":false},"author":1,"featured_media":8664,"comment_status":"open","ping_status":"closed","sticky":false,"template":"","format":"standard","meta":{"footnotes":""},"categories":[9],"tags":[],"class_list":["post-8663","post","type-post","status-publish","format-standard","has-post-thumbnail","hentry","category-xeber"],"_links":{"self":[{"href":"https:\/\/millitv.net\/index.php?rest_route=\/wp\/v2\/posts\/8663","targetHints":{"allow":["GET"]}}],"collection":[{"href":"https:\/\/millitv.net\/index.php?rest_route=\/wp\/v2\/posts"}],"about":[{"href":"https:\/\/millitv.net\/index.php?rest_route=\/wp\/v2\/types\/post"}],"author":[{"embeddable":true,"href":"https:\/\/millitv.net\/index.php?rest_route=\/wp\/v2\/users\/1"}],"replies":[{"embeddable":true,"href":"https:\/\/millitv.net\/index.php?rest_route=%2Fwp%2Fv2%2Fcomments&post=8663"}],"version-history":[{"count":0,"href":"https:\/\/millitv.net\/index.php?rest_route=\/wp\/v2\/posts\/8663\/revisions"}],"wp:featuredmedia":[{"embeddable":true,"href":"https:\/\/millitv.net\/index.php?rest_route=\/wp\/v2\/media\/8664"}],"wp:attachment":[{"href":"https:\/\/millitv.net\/index.php?rest_route=%2Fwp%2Fv2%2Fmedia&parent=8663"}],"wp:term":[{"taxonomy":"category","embeddable":true,"href":"https:\/\/millitv.net\/index.php?rest_route=%2Fwp%2Fv2%2Fcategories&post=8663"},{"taxonomy":"post_tag","embeddable":true,"href":"https:\/\/millitv.net\/index.php?rest_route=%2Fwp%2Fv2%2Ftags&post=8663"}],"curies":[{"name":"wp","href":"https:\/\/api.w.org\/{rel}","templated":true}]}}