{"id":8657,"date":"2023-11-09T06:24:16","date_gmt":"2023-11-09T06:24:16","guid":{"rendered":"https:\/\/millinews.az\/xeber\/qarabag-bu-gun-bayerl%C9%99-qarsilasacaq\/"},"modified":"2023-11-09T06:24:16","modified_gmt":"2023-11-09T06:24:16","slug":"qarabag-bu-gun-bayerl%C9%99-qarsilasacaq","status":"publish","type":"post","link":"https:\/\/millitv.net\/?p=8657","title":{"rendered":"\u201cQaraba\u011f\u201d bu g\u00fcn &#8220;Bayer&#8221;l\u0259 qar\u015f\u0131la\u015facaq"},"content":{"rendered":"<div id=\"maincontent\">&#13;<br \/>\n        &#13;<\/p>\n<p><strong\/><strong>\u201cQaraba\u011f\u201d bu g\u00fcn UEFA Avropa Liqas\u0131n\u0131n qrup m\u0259rh\u0259l\u0259sind\u0259 IV g\u00f6r\u00fc\u015f\u00fcn\u00fc ke\u00e7ir\u0259c\u0259k.<\/strong>&#13;\n<\/p>\n<p><a href=\"https:\/\/Millinews.az\" target=\"_blank\" class=\"kw-link\" rel=\"noopener\">Millinews.az<\/a> x\u0259b\u0259r verir ki, H qrupunda yer alan \u00f6lk\u0259 \u00e7empionu do\u011fma azarke\u015fl\u0259ri \u00f6n\u00fcnd\u0259 Leverkuzen \u201cBayer\u201dini q\u0259bul ed\u0259c\u0259k. Almaniya t\u0259msil\u00e7isi qrupda liderdir v\u0259 b\u00fct\u00fcn mat\u00e7lar\u0131 q\u0259l\u0259b\u0259 il\u0259 ba\u015fa vurub. A\u011fdam kollektivi avrokuboklarda son mat\u00e7\u0131n\u0131 m\u0259hz bu komandaya qar\u015f\u0131 ke\u00e7irib v\u0259 s\u0259f\u0259rd\u0259 1:5 hesab\u0131 il\u0259 m\u0259\u011flub olub.<\/p>\n<p>\u201cBayer\u201d cari m\u00f6vs\u00fcm Bundesliqada da 10 mat\u00e7a toplad\u0131\u011f\u0131 28 xalla ilk pill\u0259d\u0259 q\u0259rarla\u015f\u0131b. Kollektiv yoluna m\u0259\u011flubiyy\u0259tsiz davam edir. \u201cK\u00f6hl\u0259n atlar\u201d is\u0259 Az\u0259rbaycan Premyer Liqas\u0131nda 12 turdan sonra 23 xal toplay\u0131b v\u0259 2-ci yerd\u0259dir<\/p>\n<p>Qeyd ed\u0259k ki, qrupun dig\u0259r qar\u015f\u0131la\u015fmas\u0131nda \u0130sve\u00e7 \u201cHekken\u201di il\u0259 Norve\u00e7 kollektivi \u201cMolde\u201d \u00fcz-\u00fcz\u0259 g\u0259l\u0259c\u0259k.<\/p>\n<p>UEFA Avropa Liqas\u0131, qrup m\u0259rh\u0259l\u0259si<\/p>\n<p>IV tur<\/p>\n<p>21:45. \u201cQaraba\u011f\u201d (Az\u0259rbaycan) &#8211; \u201cBayer 04\u201d (Almaniya)<\/p>\n<p>Ba\u015f hakim: Kreyq Pouson (\u0130ngilt\u0259r\u0259)<\/p>\n<p>Bak\u0131. Tofiq B\u0259hramov ad\u0131na Respublika stadionu&#13;<br \/>\n        &#13;<br \/>\n&#13;<br \/>\n        &#13;<br \/>\n&#13;\n        <\/p>\n<p><noscript><\/p>\n<p>You must enable Javascript on your browser for the site to work optimally and display sections completely.<\/p>\n<p><\/noscript>\t\t&#13;<br \/>\n\t\t&#13;\n    <\/div>\n<p><script type=\"text\/javascript\">jQuery(document).ready(function () {\n(function(d, s, id) {\n    var js, fjs = d.getElementsByTagName(s)[0];\n    if (d.getElementById(id))\n        return;\n    js = d.createElement(s);\n    js.id = id;\n    js.src = \"\/\/connect.facebook.net\/az_AZ\/all.js#xfbml=1&appId=1002485763137712\";\n    fjs.parentNode.insertBefore(js, fjs);\n}(document, 'script', 'facebook-jssdk'));                \n});<\/script><\/p>\n","protected":false},"excerpt":{"rendered":"<p>&#13; &#13; \u201cQaraba\u011f\u201d bu g\u00fcn UEFA Avropa Liqas\u0131n\u0131n qrup m\u0259rh\u0259l\u0259sind\u0259 IV g\u00f6r\u00fc\u015f\u00fcn\u00fc ke\u00e7ir\u0259c\u0259k.&#13; Millinews.az x\u0259b\u0259r verir ki, H qrupunda yer alan \u00f6lk\u0259 \u00e7empionu do\u011fma azarke\u015fl\u0259ri \u00f6n\u00fcnd\u0259 Leverkuzen \u201cBayer\u201dini q\u0259bul ed\u0259c\u0259k. Almaniya t\u0259msil\u00e7isi qrupda liderdir v\u0259 b\u00fct\u00fcn mat\u00e7lar\u0131 q\u0259l\u0259b\u0259 il\u0259 ba\u015fa vurub. A\u011fdam kollektivi avrokuboklarda son mat\u00e7\u0131n\u0131 m\u0259hz bu komandaya qar\u015f\u0131 ke\u00e7irib v\u0259 s\u0259f\u0259rd\u0259 1:5 hesab\u0131 &hellip;<\/p>\n","protected":false},"author":1,"featured_media":8658,"comment_status":"open","ping_status":"closed","sticky":false,"template":"","format":"standard","meta":{"footnotes":""},"categories":[9],"tags":[],"class_list":["post-8657","post","type-post","status-publish","format-standard","has-post-thumbnail","hentry","category-xeber"],"_links":{"self":[{"href":"https:\/\/millitv.net\/index.php?rest_route=\/wp\/v2\/posts\/8657","targetHints":{"allow":["GET"]}}],"collection":[{"href":"https:\/\/millitv.net\/index.php?rest_route=\/wp\/v2\/posts"}],"about":[{"href":"https:\/\/millitv.net\/index.php?rest_route=\/wp\/v2\/types\/post"}],"author":[{"embeddable":true,"href":"https:\/\/millitv.net\/index.php?rest_route=\/wp\/v2\/users\/1"}],"replies":[{"embeddable":true,"href":"https:\/\/millitv.net\/index.php?rest_route=%2Fwp%2Fv2%2Fcomments&post=8657"}],"version-history":[{"count":0,"href":"https:\/\/millitv.net\/index.php?rest_route=\/wp\/v2\/posts\/8657\/revisions"}],"wp:featuredmedia":[{"embeddable":true,"href":"https:\/\/millitv.net\/index.php?rest_route=\/wp\/v2\/media\/8658"}],"wp:attachment":[{"href":"https:\/\/millitv.net\/index.php?rest_route=%2Fwp%2Fv2%2Fmedia&parent=8657"}],"wp:term":[{"taxonomy":"category","embeddable":true,"href":"https:\/\/millitv.net\/index.php?rest_route=%2Fwp%2Fv2%2Fcategories&post=8657"},{"taxonomy":"post_tag","embeddable":true,"href":"https:\/\/millitv.net\/index.php?rest_route=%2Fwp%2Fv2%2Ftags&post=8657"}],"curies":[{"name":"wp","href":"https:\/\/api.w.org\/{rel}","templated":true}]}}