{"id":864,"date":"2023-09-27T13:00:35","date_gmt":"2023-09-27T13:00:35","guid":{"rendered":"https:\/\/millinews.az\/?p=864"},"modified":"2023-09-27T13:00:37","modified_gmt":"2023-09-27T13:00:37","slug":"poladin-ruhu-xocaliya-ayagimiz-d%c9%99y%c9%99nd%c9%99-dinclik-tapacaq-s%c9%99may%c9%99-h%c9%99simova","status":"publish","type":"post","link":"https:\/\/millitv.net\/?p=864","title":{"rendered":"\u201cPolad\u0131n ruhu Xocal\u0131ya aya\u011f\u0131m\u0131z d\u0259y\u0259nd\u0259 dinclik tapacaq\u201d &#8211;\u00a0S\u0259may\u0259 H\u0259\u015fimova"},"content":{"rendered":"\n<p><strong>Polad H\u0259\u015fimov 2020-ci il iyulun 14-d\u0259 \u015f\u0259hid olma\u011f\u0131 il\u0259 Az\u0259rbaycan xalq\u0131n\u0131 aya\u011fa qald\u0131rd\u0131. Onun \u015f\u0259had\u0259tind\u0259n sonra minl\u0259rl\u0259 g\u0259nc intiqam hissi il\u0259 ir\u0259li at\u0131ld\u0131. Polad\u0131n izi il\u0259 ged\u0259n g\u0259ncl\u0259rimiz \u00f6z canlar\u0131, sa\u011flaml\u0131qlar\u0131 hesab\u0131na 44 g\u00fcn \u0259rzind\u0259 \u015eanl\u0131 Q\u0259l\u0259b\u0259 qazand\u0131lar.<\/strong><\/p>\n\n\n\n<p>Millinews\u00a0&#8220;Az\u0259rTac&#8221;a istinad\u0259n x\u0259b\u0259r verir ki, bu fikirl\u0259ri Az\u0259rbaycan\u0131n Milli Q\u0259hr\u0259man\u0131, \u015f\u0259hid general-mayor Polad H\u0259\u015fimovun anas\u0131 S\u0259may\u0259 H\u0259\u015fimova \u0130kinci F\u0259xri xiyabanda jurnalistl\u0259r\u0259 a\u00e7\u0131qlamas\u0131nda deyib.<\/p>\n\n\n\n<p>\u015e\u0259hid general\u0131n anas\u0131 fikirl\u0259rin\u0259 bel\u0259 davam edib: \u201cTorpaqlar\u0131m\u0131z\u0131 itir\u0259nd\u0259 d\u0259 ne\u00e7\u0259-ne\u00e7\u0259 q\u0259hr\u0259man o\u011fullar\u0131 qurban vermi\u015fdik. Onlar\u0131n yar\u0131m\u00e7\u0131q qalan arzusunu g\u0259ncl\u0259rimiz \u00f6z canlar\u0131, qanlar\u0131 hesab\u0131na h\u0259yata ke\u00e7irdil\u0259r. Xank\u0259ndiy\u0259, Xocal\u0131ya soyda\u015flar\u0131m\u0131z\u0131n aya\u011f\u0131 d\u0259y\u0259nd\u0259, orada h\u0259yat yenid\u0259n canlananda Polad kimi q\u0259hr\u0259manlar\u0131n ruhu da dinclik tapacaq. \u00c7\u00fcnki onlar m\u0259hz bu g\u00fcnl\u0259r \u00fc\u00e7\u00fcn \u00f6z canlar\u0131n\u0131 f\u0259da etdil\u0259r\u201d.<\/p>\n","protected":false},"excerpt":{"rendered":"<p>Polad H\u0259\u015fimov 2020-ci il iyulun 14-d\u0259 \u015f\u0259hid olma\u011f\u0131 il\u0259 Az\u0259rbaycan xalq\u0131n\u0131 aya\u011fa qald\u0131rd\u0131. Onun \u015f\u0259had\u0259tind\u0259n sonra minl\u0259rl\u0259 g\u0259nc intiqam hissi il\u0259 ir\u0259li at\u0131ld\u0131. Polad\u0131n izi il\u0259 ged\u0259n g\u0259ncl\u0259rimiz \u00f6z canlar\u0131, sa\u011flaml\u0131qlar\u0131 hesab\u0131na 44 g\u00fcn \u0259rzind\u0259 \u015eanl\u0131 Q\u0259l\u0259b\u0259 qazand\u0131lar. Millinews\u00a0&#8220;Az\u0259rTac&#8221;a istinad\u0259n x\u0259b\u0259r verir ki, bu fikirl\u0259ri Az\u0259rbaycan\u0131n Milli Q\u0259hr\u0259man\u0131, \u015f\u0259hid general-mayor Polad H\u0259\u015fimovun anas\u0131 S\u0259may\u0259 H\u0259\u015fimova &hellip;<\/p>\n","protected":false},"author":1,"featured_media":865,"comment_status":"open","ping_status":"closed","sticky":false,"template":"","format":"standard","meta":{"footnotes":""},"categories":[3],"tags":[],"class_list":["post-864","post","type-post","status-publish","format-standard","has-post-thumbnail","hentry","category-olke"],"_links":{"self":[{"href":"https:\/\/millitv.net\/index.php?rest_route=\/wp\/v2\/posts\/864","targetHints":{"allow":["GET"]}}],"collection":[{"href":"https:\/\/millitv.net\/index.php?rest_route=\/wp\/v2\/posts"}],"about":[{"href":"https:\/\/millitv.net\/index.php?rest_route=\/wp\/v2\/types\/post"}],"author":[{"embeddable":true,"href":"https:\/\/millitv.net\/index.php?rest_route=\/wp\/v2\/users\/1"}],"replies":[{"embeddable":true,"href":"https:\/\/millitv.net\/index.php?rest_route=%2Fwp%2Fv2%2Fcomments&post=864"}],"version-history":[{"count":0,"href":"https:\/\/millitv.net\/index.php?rest_route=\/wp\/v2\/posts\/864\/revisions"}],"wp:featuredmedia":[{"embeddable":true,"href":"https:\/\/millitv.net\/index.php?rest_route=\/wp\/v2\/media\/865"}],"wp:attachment":[{"href":"https:\/\/millitv.net\/index.php?rest_route=%2Fwp%2Fv2%2Fmedia&parent=864"}],"wp:term":[{"taxonomy":"category","embeddable":true,"href":"https:\/\/millitv.net\/index.php?rest_route=%2Fwp%2Fv2%2Fcategories&post=864"},{"taxonomy":"post_tag","embeddable":true,"href":"https:\/\/millitv.net\/index.php?rest_route=%2Fwp%2Fv2%2Ftags&post=864"}],"curies":[{"name":"wp","href":"https:\/\/api.w.org\/{rel}","templated":true}]}}