{"id":8637,"date":"2023-11-08T18:34:13","date_gmt":"2023-11-08T18:34:13","guid":{"rendered":"https:\/\/millinews.az\/xeber\/bakida-z%C9%99f%C9%99r-gunu-munasib%C9%99til%C9%99-at%C9%99sf%C9%99sanliq-olub\/"},"modified":"2023-11-08T18:34:13","modified_gmt":"2023-11-08T18:34:13","slug":"bakida-z%C9%99f%C9%99r-gunu-munasib%C9%99til%C9%99-at%C9%99sf%C9%99sanliq-olub","status":"publish","type":"post","link":"https:\/\/millitv.net\/?p=8637","title":{"rendered":"Bak\u0131da Z\u0259f\u0259r G\u00fcn\u00fc m\u00fcnasib\u0259til\u0259 at\u0259\u015ff\u0259\u015fanl\u0131q olub"},"content":{"rendered":"<div id=\"maincontent\">&#13;<br \/>\n        &#13;<\/p>\n<p><strong>D\u0259nizk\u0259nar\u0131 Milli Parkda Z\u0259f\u0259r G\u00fcn\u00fc m\u00fcnasib\u0259til\u0259 ke\u00e7iril\u0259n bayram konserti at\u0259\u015ff\u0259\u015fanl\u0131qla davam etdirilib.<\/strong><\/p>\n<p><a href=\"https:\/\/Millinews.az\" target=\"_blank\" class=\"kw-link\" rel=\"noopener\">Millinews.az<\/a> x\u0259b\u0259r verir ki, q\u0259l\u0259b\u0259 sevincini payla\u015fmaq \u00fc\u00e7\u00fcn milli parka ax\u0131\u015fan paytaxt sakinl\u0259ri il\u0259 yana\u015f\u0131, Bak\u0131n\u0131n qonaqlar\u0131 da konserti b\u00f6y\u00fck maraqla izl\u0259yibl\u0259r. &#13;\n<\/p>\n<p>Konsert proqram\u0131nda xalq artistl\u0259ri, estrada m\u00fc\u011f\u0259nnil\u0259ri, r\u0259qs qruplar\u0131 i\u015ftirak edibl\u0259r.<\/p>\n<p>Qeyd ed\u0259k ki, Z\u0259f\u0259r G\u00fcn\u00fc Prezident \u0130lham \u018fliyevin 2020-ci il dekabr\u0131n 3-d\u0259 imzalad\u0131\u011f\u0131 S\u0259r\u0259ncamla t\u0259sis edilib.<\/p>\n<p>H\u0259min g\u00f6r\u00fcnt\u00fcl\u0259ri t\u0259qdim edirik:<\/p>\n<p><iframe loading=\"lazy\" id=\"telegram-post-metbuat-8954\" src=\"https:\/\/t.me\/metbuat\/8954?embed=1&amp;mode=tme\" width=\"100%\" height=\"\" frameborder=\"0\" scrolling=\"no\" style=\"vertical-align: top; max-width: 100%; color-scheme: light dark; color: rgb(0, 0, 0); font-family: Roboto, sans-serif; font-size: 12px; overflow: hidden; border-width: initial; border-style: none; min-width: 320px; height: 383px;\"><\/iframe><br \/>&#13;<br \/>\n        &#13;<br \/>\n&#13;<br \/>\n        &#13;<br \/>\n&#13;\n        <\/p>\n<p><noscript><\/p>\n<p>You must enable Javascript on your browser for the site to work optimally and display sections completely.<\/p>\n<p><\/noscript>\t\t&#13;<br \/>\n\t\t&#13;\n    <\/div>\n<p><script type=\"text\/javascript\">jQuery(document).ready(function () {\n(function(d, s, id) {\n    var js, fjs = d.getElementsByTagName(s)[0];\n    if (d.getElementById(id))\n        return;\n    js = d.createElement(s);\n    js.id = id;\n    js.src = \"\/\/connect.facebook.net\/az_AZ\/all.js#xfbml=1&appId=1002485763137712\";\n    fjs.parentNode.insertBefore(js, fjs);\n}(document, 'script', 'facebook-jssdk'));                \n});<\/script><\/p>\n","protected":false},"excerpt":{"rendered":"<p>&#13; &#13; D\u0259nizk\u0259nar\u0131 Milli Parkda Z\u0259f\u0259r G\u00fcn\u00fc m\u00fcnasib\u0259til\u0259 ke\u00e7iril\u0259n bayram konserti at\u0259\u015ff\u0259\u015fanl\u0131qla davam etdirilib. Millinews.az x\u0259b\u0259r verir ki, q\u0259l\u0259b\u0259 sevincini payla\u015fmaq \u00fc\u00e7\u00fcn milli parka ax\u0131\u015fan paytaxt sakinl\u0259ri il\u0259 yana\u015f\u0131, Bak\u0131n\u0131n qonaqlar\u0131 da konserti b\u00f6y\u00fck maraqla izl\u0259yibl\u0259r. &#13; Konsert proqram\u0131nda xalq artistl\u0259ri, estrada m\u00fc\u011f\u0259nnil\u0259ri, r\u0259qs qruplar\u0131 i\u015ftirak edibl\u0259r. Qeyd ed\u0259k ki, Z\u0259f\u0259r G\u00fcn\u00fc Prezident \u0130lham \u018fliyevin &hellip;<\/p>\n","protected":false},"author":1,"featured_media":8638,"comment_status":"open","ping_status":"closed","sticky":false,"template":"","format":"standard","meta":{"footnotes":""},"categories":[9],"tags":[],"class_list":["post-8637","post","type-post","status-publish","format-standard","has-post-thumbnail","hentry","category-xeber"],"_links":{"self":[{"href":"https:\/\/millitv.net\/index.php?rest_route=\/wp\/v2\/posts\/8637","targetHints":{"allow":["GET"]}}],"collection":[{"href":"https:\/\/millitv.net\/index.php?rest_route=\/wp\/v2\/posts"}],"about":[{"href":"https:\/\/millitv.net\/index.php?rest_route=\/wp\/v2\/types\/post"}],"author":[{"embeddable":true,"href":"https:\/\/millitv.net\/index.php?rest_route=\/wp\/v2\/users\/1"}],"replies":[{"embeddable":true,"href":"https:\/\/millitv.net\/index.php?rest_route=%2Fwp%2Fv2%2Fcomments&post=8637"}],"version-history":[{"count":0,"href":"https:\/\/millitv.net\/index.php?rest_route=\/wp\/v2\/posts\/8637\/revisions"}],"wp:featuredmedia":[{"embeddable":true,"href":"https:\/\/millitv.net\/index.php?rest_route=\/wp\/v2\/media\/8638"}],"wp:attachment":[{"href":"https:\/\/millitv.net\/index.php?rest_route=%2Fwp%2Fv2%2Fmedia&parent=8637"}],"wp:term":[{"taxonomy":"category","embeddable":true,"href":"https:\/\/millitv.net\/index.php?rest_route=%2Fwp%2Fv2%2Fcategories&post=8637"},{"taxonomy":"post_tag","embeddable":true,"href":"https:\/\/millitv.net\/index.php?rest_route=%2Fwp%2Fv2%2Ftags&post=8637"}],"curies":[{"name":"wp","href":"https:\/\/api.w.org\/{rel}","templated":true}]}}