{"id":8629,"date":"2023-11-08T17:58:57","date_gmt":"2023-11-08T17:58:57","guid":{"rendered":"https:\/\/millinews.az\/xeber\/erdogan-z%C9%99f%C9%99r-gunu-il%C9%99-bagli-paylasim-etdi\/"},"modified":"2023-11-08T17:58:57","modified_gmt":"2023-11-08T17:58:57","slug":"erdogan-z%C9%99f%C9%99r-gunu-il%C9%99-bagli-paylasim-etdi","status":"publish","type":"post","link":"https:\/\/millitv.net\/?p=8629","title":{"rendered":"\u018frdo\u011fan Z\u0259f\u0259r G\u00fcn\u00fc il\u0259 ba\u011fl\u0131 payla\u015f\u0131m etdi"},"content":{"rendered":"<div id=\"maincontent\">&#13;<br \/>\n        &#13;<\/p>\n<p><strong>T\u00fcrkiy\u0259 Prezidenti R\u0259c\u0259b Tayyib \u018frdo\u011fan 8 Noyabr \u2013 Z\u0259f\u0259r G\u00fcn\u00fc m\u00fcnasib\u0259til\u0259 sosial \u015f\u0259b\u0259k\u0259d\u0259 payla\u015f\u0131m edib.<\/strong><\/p>\n<p><a href=\"https:\/\/Millinews.az\" target=\"_blank\" class=\"kw-link\" rel=\"noopener\">Millinews.az<\/a> x\u0259b\u0259r verir ki, T\u00fcrkiy\u0259 Prezidenti yaz\u0131b: \u201cQarda\u015f Az\u0259rbaycan\u0131n 8 Noyabr \u2013 Z\u0259f\u0259r G\u00fcn\u00fcn\u00fc \u00fcr\u0259kd\u0259n t\u0259brik edir, Qaraba\u011f\u0131n azadl\u0131\u011f\u0131 u\u011frunda 44 g\u00fcn boyunca q\u0259hr\u0259mancas\u0131na d\u00f6y\u00fc\u015fm\u00fc\u015f qazil\u0259rimizi h\u00f6rm\u0259tl\u0259, \u015f\u0259hidl\u0259rimizi ehtiramla yad edir\u0259m. Qaraba\u011f Az\u0259rbaycan torpa\u011f\u0131d\u0131r v\u0259 in\u015fallah, qiyam\u0259t\u0259 q\u0259d\u0259r d\u0259 bel\u0259 qalacaq\u201d. &#13;\n<\/p>\n<p><img decoding=\"async\" src=\"https:\/\/Millinews.az\/uploads\/1\/2aaff3080a-2023-11-08215620.jpg\" alt=\"\" title=\"\">&#13;<br \/>\n        &#13;<br \/>\n&#13;<br \/>\n        &#13;<br \/>\n&#13;\n        <\/p>\n<p><noscript><\/p>\n<p>You must enable Javascript on your browser for the site to work optimally and display sections completely.<\/p>\n<p><\/noscript>\t\t&#13;<br \/>\n\t\t&#13;\n    <\/div>\n<p><script type=\"text\/javascript\">jQuery(document).ready(function () {\n(function(d, s, id) {\n    var js, fjs = d.getElementsByTagName(s)[0];\n    if (d.getElementById(id))\n        return;\n    js = d.createElement(s);\n    js.id = id;\n    js.src = \"\/\/connect.facebook.net\/az_AZ\/all.js#xfbml=1&appId=1002485763137712\";\n    fjs.parentNode.insertBefore(js, fjs);\n}(document, 'script', 'facebook-jssdk'));                \n});<\/script><\/p>\n","protected":false},"excerpt":{"rendered":"<p>&#13; &#13; T\u00fcrkiy\u0259 Prezidenti R\u0259c\u0259b Tayyib \u018frdo\u011fan 8 Noyabr \u2013 Z\u0259f\u0259r G\u00fcn\u00fc m\u00fcnasib\u0259til\u0259 sosial \u015f\u0259b\u0259k\u0259d\u0259 payla\u015f\u0131m edib. Millinews.az x\u0259b\u0259r verir ki, T\u00fcrkiy\u0259 Prezidenti yaz\u0131b: \u201cQarda\u015f Az\u0259rbaycan\u0131n 8 Noyabr \u2013 Z\u0259f\u0259r G\u00fcn\u00fcn\u00fc \u00fcr\u0259kd\u0259n t\u0259brik edir, Qaraba\u011f\u0131n azadl\u0131\u011f\u0131 u\u011frunda 44 g\u00fcn boyunca q\u0259hr\u0259mancas\u0131na d\u00f6y\u00fc\u015fm\u00fc\u015f qazil\u0259rimizi h\u00f6rm\u0259tl\u0259, \u015f\u0259hidl\u0259rimizi ehtiramla yad edir\u0259m. Qaraba\u011f Az\u0259rbaycan torpa\u011f\u0131d\u0131r v\u0259 in\u015fallah, qiyam\u0259t\u0259 q\u0259d\u0259r &hellip;<\/p>\n","protected":false},"author":1,"featured_media":8630,"comment_status":"open","ping_status":"closed","sticky":false,"template":"","format":"standard","meta":{"footnotes":""},"categories":[9],"tags":[],"class_list":["post-8629","post","type-post","status-publish","format-standard","has-post-thumbnail","hentry","category-xeber"],"_links":{"self":[{"href":"https:\/\/millitv.net\/index.php?rest_route=\/wp\/v2\/posts\/8629","targetHints":{"allow":["GET"]}}],"collection":[{"href":"https:\/\/millitv.net\/index.php?rest_route=\/wp\/v2\/posts"}],"about":[{"href":"https:\/\/millitv.net\/index.php?rest_route=\/wp\/v2\/types\/post"}],"author":[{"embeddable":true,"href":"https:\/\/millitv.net\/index.php?rest_route=\/wp\/v2\/users\/1"}],"replies":[{"embeddable":true,"href":"https:\/\/millitv.net\/index.php?rest_route=%2Fwp%2Fv2%2Fcomments&post=8629"}],"version-history":[{"count":0,"href":"https:\/\/millitv.net\/index.php?rest_route=\/wp\/v2\/posts\/8629\/revisions"}],"wp:featuredmedia":[{"embeddable":true,"href":"https:\/\/millitv.net\/index.php?rest_route=\/wp\/v2\/media\/8630"}],"wp:attachment":[{"href":"https:\/\/millitv.net\/index.php?rest_route=%2Fwp%2Fv2%2Fmedia&parent=8629"}],"wp:term":[{"taxonomy":"category","embeddable":true,"href":"https:\/\/millitv.net\/index.php?rest_route=%2Fwp%2Fv2%2Fcategories&post=8629"},{"taxonomy":"post_tag","embeddable":true,"href":"https:\/\/millitv.net\/index.php?rest_route=%2Fwp%2Fv2%2Ftags&post=8629"}],"curies":[{"name":"wp","href":"https:\/\/api.w.org\/{rel}","templated":true}]}}